{"id":64739,"date":"2026-09-01T07:05:04","date_gmt":"2026-09-01T07:05:04","guid":{"rendered":"https:\/\/www.milanobedding.it\/?p=64739"},"modified":"2026-09-01T07:21:50","modified_gmt":"2026-09-01T07:21:50","slug":"sofa-cama-milano-bedding-salon","status":"publish","type":"post","link":"https:\/\/www.milanobedding.it\/es\/design-es\/sofa-cama-milano-bedding-salon\/","title":{"rendered":"El sof\u00e1 cama como pieza central del sal\u00f3n. Consejos de Milano Bedding sobre proporciones, composiciones y combinaciones."},"content":{"rendered":"\t\t<div data-elementor-type=\"wp-post\" data-elementor-id=\"64739\" class=\"elementor elementor-64739 elementor-64653\" data-elementor-post-type=\"post\">\n\t\t\t\t\t\t<section class=\"elementor-section elementor-top-section elementor-element elementor-element-24fdad5 elementor-section-boxed elementor-section-height-default elementor-section-height-default qodef-elementor-content-no\" data-id=\"24fdad5\" data-element_type=\"section\">\n\t\t\t\t\t\t<div class=\"elementor-container elementor-column-gap-default\">\n\t\t\t\t\t<div class=\"elementor-column elementor-col-100 elementor-top-column elementor-element elementor-element-08997b5\" data-id=\"08997b5\" data-element_type=\"column\">\n\t\t\t<div class=\"elementor-widget-wrap elementor-element-populated\">\n\t\t\t\t\t\t<div class=\"elementor-element elementor-element-c9a1885 elementor-widget elementor-widget-spacer\" data-id=\"c9a1885\" data-element_type=\"widget\" data-widget_type=\"spacer.default\">\n\t\t\t\t<div class=\"elementor-widget-container\">\n\t\t\t\t\t\t\t<div class=\"elementor-spacer\">\n\t\t\t<div class=\"elementor-spacer-inner\"><\/div>\n\t\t<\/div>\n\t\t\t\t\t\t<\/div>\n\t\t\t\t<\/div>\n\t\t\t\t\t<\/div>\n\t\t<\/div>\n\t\t\t\t\t<\/div>\n\t\t<\/section>\n\t\t\t\t<section class=\"elementor-section elementor-top-section elementor-element elementor-element-d6ab8d6 elementor-section-boxed elementor-section-height-default elementor-section-height-default qodef-elementor-content-no\" data-id=\"d6ab8d6\" data-element_type=\"section\">\n\t\t\t\t\t\t<div class=\"elementor-container elementor-column-gap-default\">\n\t\t\t\t\t<div class=\"elementor-column elementor-col-50 elementor-top-column elementor-element elementor-element-cc2d333\" data-id=\"cc2d333\" data-element_type=\"column\">\n\t\t\t<div class=\"elementor-widget-wrap elementor-element-populated\">\n\t\t\t\t\t\t<div class=\"elementor-element elementor-element-999fa8c elementor-widget elementor-widget-heading\" data-id=\"999fa8c\" data-element_type=\"widget\" data-widget_type=\"heading.default\">\n\t\t\t\t<div class=\"elementor-widget-container\">\n\t\t\t\t\t<h3 class=\"elementor-heading-title elementor-size-default\">El estilo, la modularidad y las combinaciones dise\u00f1adas por Milano Bedding realzan el sof\u00e1 cama y crean un sal\u00f3n acogedor, funcional y armonioso.<\/h3>\t\t\t\t<\/div>\n\t\t\t\t<\/div>\n\t\t\t\t<div class=\"elementor-element elementor-element-f02be73 elementor-widget elementor-widget-text-editor\" data-id=\"f02be73\" data-element_type=\"widget\" data-widget_type=\"text-editor.default\">\n\t\t\t\t<div class=\"elementor-widget-container\">\n\t\t\t\t\t\t\t\t\t<p lang=\"it-IT\"><span style=\"color: #000000;\">El sal\u00f3n se est\u00e1 convirtiendo cada vez m\u00e1s en un espacio multifuncional, dedicado al descanso, la convivencia e incluso, cuando es necesario, a recibir invitados. En este contexto, las soluciones de <a style=\"color: #000000;\" href=\"https:\/\/www.milanobedding.it\/es\/\"><strong>Milano Bedding<\/strong><\/a> demuestran que el <strong>sof\u00e1 cama<\/strong> ya no es simplemente una soluci\u00f3n pr\u00e1ctica para optimizar el espacio, sino un elemento de mobiliario capaz de definir el estilo de la estancia y convertirse en la verdadera pieza central del sal\u00f3n.<\/span><\/p><p lang=\"it-IT\">\u00a0<\/p>\t\t\t\t\t\t\t\t<\/div>\n\t\t\t\t<\/div>\n\t\t\t\t\t<\/div>\n\t\t<\/div>\n\t\t\t\t<div class=\"elementor-column elementor-col-50 elementor-top-column elementor-element elementor-element-b4ca930\" data-id=\"b4ca930\" data-element_type=\"column\">\n\t\t\t<div class=\"elementor-widget-wrap elementor-element-populated\">\n\t\t\t\t\t\t<div class=\"elementor-element elementor-element-d545339 elementor-widget elementor-widget-image\" data-id=\"d545339\" data-element_type=\"widget\" data-widget_type=\"image.default\">\n\t\t\t\t<div class=\"elementor-widget-container\">\n\t\t\t\t\t\t\t\t\t\t\t\t<figure class=\"wp-caption\">\n\t\t\t\t\t\t\t\t\t\t\t<a href=\"https:\/\/www.milanobedding.it\/es\/portfolio-item\/kirk\/\">\n\t\t\t\t\t\t\t<img fetchpriority=\"high\" decoding=\"async\" width=\"724\" height=\"1024\" src=\"https:\/\/www.milanobedding.it\/nw\/wp-content\/uploads\/2026\/05\/KIRK_G1-724x1024.jpg\" class=\"attachment-large size-large wp-image-62943\" alt=\"\" srcset=\"https:\/\/www.milanobedding.it\/nw\/wp-content\/uploads\/2026\/05\/KIRK_G1-724x1024.jpg 724w, https:\/\/www.milanobedding.it\/nw\/wp-content\/uploads\/2026\/05\/KIRK_G1-212x300.jpg 212w, https:\/\/www.milanobedding.it\/nw\/wp-content\/uploads\/2026\/05\/KIRK_G1-768x1086.jpg 768w, https:\/\/www.milanobedding.it\/nw\/wp-content\/uploads\/2026\/05\/KIRK_G1-1086x1536.jpg 1086w, https:\/\/www.milanobedding.it\/nw\/wp-content\/uploads\/2026\/05\/KIRK_G1-1448x2048.jpg 1448w, https:\/\/www.milanobedding.it\/nw\/wp-content\/uploads\/2026\/05\/KIRK_G1-scaled.jpg 1810w\" sizes=\"(max-width: 724px) 100vw, 724px\" \/>\t\t\t\t\t\t\t\t<\/a>\n\t\t\t\t\t\t\t\t\t\t\t<figcaption class=\"widget-image-caption wp-caption-text\">Kirk, design Karim Rashid<\/figcaption>\n\t\t\t\t\t\t\t\t\t\t<\/figure>\n\t\t\t\t\t\t\t\t\t<\/div>\n\t\t\t\t<\/div>\n\t\t\t\t\t<\/div>\n\t\t<\/div>\n\t\t\t\t\t<\/div>\n\t\t<\/section>\n\t\t\t\t<section class=\"elementor-section elementor-top-section elementor-element elementor-element-0c682e6 elementor-section-boxed elementor-section-height-default elementor-section-height-default qodef-elementor-content-no\" data-id=\"0c682e6\" data-element_type=\"section\">\n\t\t\t\t\t\t<div class=\"elementor-container elementor-column-gap-default\">\n\t\t\t\t\t<div class=\"elementor-column elementor-col-100 elementor-top-column elementor-element elementor-element-3bb8011\" data-id=\"3bb8011\" data-element_type=\"column\">\n\t\t\t<div class=\"elementor-widget-wrap elementor-element-populated\">\n\t\t\t\t\t\t<div class=\"elementor-element elementor-element-95fa938 elementor-widget elementor-widget-text-editor\" data-id=\"95fa938\" data-element_type=\"widget\" data-widget_type=\"text-editor.default\">\n\t\t\t\t<div class=\"elementor-widget-container\">\n\t\t\t\t\t\t\t\t\t<p><span style=\"color: #000000;\">Gracias a la evoluci\u00f3n del dise\u00f1o y la tecnolog\u00eda, los <strong>sof\u00e1s convertibles<\/strong> modernos de Milano Bedding <strong>combinan est\u00e9tica, comodidad y funcionalidad<\/strong>, ofreciendo la misma calidad visual y de dise\u00f1o que un sof\u00e1 tradicional. Para maximizar su valor, es importante prestar atenci\u00f3n a las proporciones, incluso en el caso de los sof\u00e1s modulares, a la distribuci\u00f3n del espacio y a c\u00f3mo combinan con el resto del mobiliario.<\/span><\/p>\t\t\t\t\t\t\t\t<\/div>\n\t\t\t\t<\/div>\n\t\t\t\t\t<\/div>\n\t\t<\/div>\n\t\t\t\t\t<\/div>\n\t\t<\/section>\n\t\t\t\t<section class=\"elementor-section elementor-top-section elementor-element elementor-element-b3e6f52 elementor-section-boxed elementor-section-height-default elementor-section-height-default qodef-elementor-content-no\" data-id=\"b3e6f52\" data-element_type=\"section\">\n\t\t\t\t\t\t<div class=\"elementor-container elementor-column-gap-default\">\n\t\t\t\t\t<div class=\"elementor-column elementor-col-100 elementor-top-column elementor-element elementor-element-fd112dd\" data-id=\"fd112dd\" data-element_type=\"column\">\n\t\t\t<div class=\"elementor-widget-wrap elementor-element-populated\">\n\t\t\t\t\t\t<div class=\"elementor-element elementor-element-9936df6 elementor-widget elementor-widget-text-editor\" data-id=\"9936df6\" data-element_type=\"widget\" data-widget_type=\"text-editor.default\">\n\t\t\t\t<div class=\"elementor-widget-container\">\n\t\t\t\t\t\t\t\t\t<h3 class=\"elementor-heading-title elementor-size-default elementor-inline-editing pen\" style=\"background: 0px 0px #ffffff; line-height: 1.2em;\" data-elementor-setting-key=\"title\" data-pen-placeholder=\"Digita qui...\">Las proporciones ideales para un sof\u00e1 cama que se convierta en el centro de atenci\u00f3n del sal\u00f3n.<\/h3><p lang=\"it-IT\">Elegir el tama\u00f1o adecuado para tu sof\u00e1 es fundamental para crear un espacio armonioso.<\/p>\t\t\t\t\t\t\t\t<\/div>\n\t\t\t\t<\/div>\n\t\t\t\t\t<\/div>\n\t\t<\/div>\n\t\t\t\t\t<\/div>\n\t\t<\/section>\n\t\t\t\t<section class=\"elementor-section elementor-top-section elementor-element elementor-element-f5c400b elementor-section-boxed elementor-section-height-default elementor-section-height-default qodef-elementor-content-no\" data-id=\"f5c400b\" data-element_type=\"section\">\n\t\t\t\t\t\t<div class=\"elementor-container elementor-column-gap-default\">\n\t\t\t\t\t<div class=\"elementor-column elementor-col-50 elementor-top-column elementor-element elementor-element-8e25204\" data-id=\"8e25204\" data-element_type=\"column\">\n\t\t\t<div class=\"elementor-widget-wrap elementor-element-populated\">\n\t\t\t\t\t\t<div class=\"elementor-element elementor-element-56d6f0c elementor-widget elementor-widget-text-editor\" data-id=\"56d6f0c\" data-element_type=\"widget\" data-widget_type=\"text-editor.default\">\n\t\t\t\t<div class=\"elementor-widget-container\">\n\t\t\t\t\t\t\t\t\t<p><span style=\"color: #000000;\">En salones amplios, un sof\u00e1 cama de generosas dimensiones puede convertirse en el punto focal de la estancia, organizando de forma natural la distribuci\u00f3n del resto de los elementos. En espacios m\u00e1s reducidos, lo mejor es optar por modelos que optimicen el espacio sin sacrificar la comodidad.<\/span><\/p><p>\u00a0<\/p><p><span style=\"color: #000000;\">Un ejemplo es <strong><a href=\"https:\/\/www.milanobedding.it\/es\/portfolio-item\/kirk\/\">Kirk<\/a>, el sof\u00e1 cama dise\u00f1ado por Karim Rashid<\/strong> para Milano Bedding y presentado en el Salone del Mobile.Milano en abril. Inspirado en la energ\u00eda libre del jazz y caracterizado por las formas fluidas t\u00edpicas del lenguaje de dise\u00f1o de Rashid, <a href=\"https:\/\/www.milanobedding.it\/es\/portfolio-item\/kirk\/\">Kirk<\/a> interpreta el concepto de vivir con una <strong>est\u00e9tica suave, din\u00e1mica y marcadamente distintiva<\/strong>. Sus l\u00edneas aportan personalidad al espacio, mientras que su singular zona de <strong>descanso transversal<\/strong> reduce el espacio necesario para abrir la cama, permitiendo una gesti\u00f3n m\u00e1s eficiente del sal\u00f3n. Gracias a este equilibrio entre est\u00e9tica y funcionalidad, el sof\u00e1 cama Kirk se integra de forma natural en cualquier espacio, convirti\u00e9ndose en un aut\u00e9ntico elemento decorativo capaz de captar la atenci\u00f3n sin sobrecargar la decoraci\u00f3n general.<\/span><\/p>\t\t\t\t\t\t\t\t<\/div>\n\t\t\t\t<\/div>\n\t\t\t\t<div class=\"elementor-element elementor-element-0bec9ae elementor-align-center elementor-widget elementor-widget-button\" data-id=\"0bec9ae\" data-element_type=\"widget\" data-widget_type=\"button.default\">\n\t\t\t\t<div class=\"elementor-widget-container\">\n\t\t\t\t\t\t\t\t\t<div class=\"elementor-button-wrapper\">\n\t\t\t\t\t<a class=\"elementor-button elementor-button-link elementor-size-sm\" href=\"https:\/\/www.milanobedding.it\/es\/portfolio-item\/kirk\/\" target=\"_blank\">\n\t\t\t\t\t\t<span class=\"elementor-button-content-wrapper\">\n\t\t\t\t\t\t\t\t\t<span class=\"elementor-button-text\">Descubre Kirk<\/span>\n\t\t\t\t\t<\/span>\n\t\t\t\t\t<\/a>\n\t\t\t\t<\/div>\n\t\t\t\t\t\t\t\t<\/div>\n\t\t\t\t<\/div>\n\t\t\t\t\t<\/div>\n\t\t<\/div>\n\t\t\t\t<div class=\"elementor-column elementor-col-50 elementor-top-column elementor-element elementor-element-d8fab68\" data-id=\"d8fab68\" data-element_type=\"column\">\n\t\t\t<div class=\"elementor-widget-wrap elementor-element-populated\">\n\t\t\t\t\t\t<div class=\"elementor-element elementor-element-c93d573 elementor-widget elementor-widget-image\" data-id=\"c93d573\" data-element_type=\"widget\" data-widget_type=\"image.default\">\n\t\t\t\t<div class=\"elementor-widget-container\">\n\t\t\t\t\t\t\t\t\t\t\t\t<figure class=\"wp-caption\">\n\t\t\t\t\t\t\t\t\t\t\t<a href=\"https:\/\/www.milanobedding.it\/es\/portfolio-item\/kirk\/\">\n\t\t\t\t\t\t\t<img decoding=\"async\" width=\"724\" height=\"1024\" src=\"https:\/\/www.milanobedding.it\/nw\/wp-content\/uploads\/2026\/05\/KIRK_N1-724x1024.jpg\" class=\"attachment-large size-large wp-image-62929\" alt=\"\" srcset=\"https:\/\/www.milanobedding.it\/nw\/wp-content\/uploads\/2026\/05\/KIRK_N1-724x1024.jpg 724w, https:\/\/www.milanobedding.it\/nw\/wp-content\/uploads\/2026\/05\/KIRK_N1-212x300.jpg 212w, https:\/\/www.milanobedding.it\/nw\/wp-content\/uploads\/2026\/05\/KIRK_N1-768x1086.jpg 768w, https:\/\/www.milanobedding.it\/nw\/wp-content\/uploads\/2026\/05\/KIRK_N1-1086x1536.jpg 1086w, https:\/\/www.milanobedding.it\/nw\/wp-content\/uploads\/2026\/05\/KIRK_N1-1448x2048.jpg 1448w, https:\/\/www.milanobedding.it\/nw\/wp-content\/uploads\/2026\/05\/KIRK_N1-scaled.jpg 1810w\" sizes=\"(max-width: 724px) 100vw, 724px\" \/>\t\t\t\t\t\t\t\t<\/a>\n\t\t\t\t\t\t\t\t\t\t\t<figcaption class=\"widget-image-caption wp-caption-text\">Kirk, designKarim Rashid<\/figcaption>\n\t\t\t\t\t\t\t\t\t\t<\/figure>\n\t\t\t\t\t\t\t\t\t<\/div>\n\t\t\t\t<\/div>\n\t\t\t\t\t<\/div>\n\t\t<\/div>\n\t\t\t\t\t<\/div>\n\t\t<\/section>\n\t\t\t\t<section class=\"elementor-section elementor-top-section elementor-element elementor-element-c439ab0 elementor-section-boxed elementor-section-height-default elementor-section-height-default qodef-elementor-content-no\" data-id=\"c439ab0\" data-element_type=\"section\">\n\t\t\t\t\t\t<div class=\"elementor-container elementor-column-gap-default\">\n\t\t\t\t\t<div class=\"elementor-column elementor-col-100 elementor-top-column elementor-element elementor-element-c155d8b\" data-id=\"c155d8b\" data-element_type=\"column\">\n\t\t\t<div class=\"elementor-widget-wrap elementor-element-populated\">\n\t\t\t\t\t\t<div class=\"elementor-element elementor-element-a7ad641 elementor-widget elementor-widget-text-editor\" data-id=\"a7ad641\" data-element_type=\"widget\" data-widget_type=\"text-editor.default\">\n\t\t\t\t<div class=\"elementor-widget-container\">\n\t\t\t\t\t\t\t\t\t<h3 class=\"elementor-heading-title elementor-size-default elementor-inline-editing pen\" contenteditable=\"true\" data-elementor-setting-key=\"title\" data-pen-placeholder=\"Digita qui...\"><span style=\"color: #000000;\">El sof\u00e1 cama: est\u00e9tica y funcionalidad<\/span><\/h3><p><span style=\"color: #000000;\">Cuando el sof\u00e1 cama se convierte en el protagonista, la composici\u00f3n de toda la sala de estar debe girar en torno a \u00e9l.<\/span><br \/><span style=\"color: #000000;\">Mesas de centro, estanter\u00edas, l\u00e1mparas y accesorios deben complementar el sof\u00e1, creando equilibrio visual y continuidad. Es importante dejar suficiente espacio para moverse y considerar siempre la posibilidad de abrir la cama, preservando as\u00ed la funcionalidad diaria de la habitaci\u00f3n.<\/span><\/p><p><span style=\"color: #000000;\">Las soluciones de sof\u00e1s cama modulares son una opci\u00f3n especialmente atractiva, ya que permiten adaptar la sala de estar a diferentes necesidades. <strong><a href=\"https:\/\/www.milanobedding.it\/es\/portfolio-item\/foster\/\">Foster<\/a>, dise\u00f1ado por Christophe Pillet<\/strong> para Milano Bedding \u2014 novedad en el Salone del Mobile.Milano 2026 \u2014 interpreta a la perfecci\u00f3n este concepto. Gracias a la posibilidad de crear configuraciones lineales, con rinc\u00f3n o con chaise longue, permite composiciones personalizadas manteniendo una fuerte coherencia est\u00e9tica. Su <strong>modularidad<\/strong> permite una organizaci\u00f3n flexible de la habitaci\u00f3n, definiendo \u00e1reas dedicadas a la conversaci\u00f3n, la relajaci\u00f3n o la recepci\u00f3n de invitados. <strong>La estructura baja, el asiento profundo y la geometr\u00eda suave<\/strong> tambi\u00e9n contribuyen a crear una sensaci\u00f3n de ligereza visual, realzando incluso los espacios m\u00e1s grandes. Dise\u00f1ado principalmente como un aut\u00e9ntico sof\u00e1 de dise\u00f1o, <a href=\"https:\/\/www.milanobedding.it\/es\/portfolio-item\/foster\/\">Foster<\/a> se integra a la perfecci\u00f3n en la arquitectura del espacio, ocultando discretamente su funci\u00f3n de cama y ofreciendo un equilibrio perfecto entre elegancia, comodidad y practicidad. Es la soluci\u00f3n ideal para quienes buscan un sof\u00e1 modular que se adapte a los cambios en el espacio.<\/span><\/p>\t\t\t\t\t\t\t\t<\/div>\n\t\t\t\t<\/div>\n\t\t\t\t\t<\/div>\n\t\t<\/div>\n\t\t\t\t\t<\/div>\n\t\t<\/section>\n\t\t\t\t<section class=\"elementor-section elementor-top-section elementor-element elementor-element-018d2fa elementor-section-boxed elementor-section-height-default elementor-section-height-default qodef-elementor-content-no\" data-id=\"018d2fa\" data-element_type=\"section\">\n\t\t\t\t\t\t<div class=\"elementor-container elementor-column-gap-default\">\n\t\t\t\t\t<div class=\"elementor-column elementor-col-100 elementor-top-column elementor-element elementor-element-e1fc4ac\" data-id=\"e1fc4ac\" data-element_type=\"column\">\n\t\t\t<div class=\"elementor-widget-wrap elementor-element-populated\">\n\t\t\t\t\t\t<div class=\"elementor-element elementor-element-84ff0d9 elementor-widget elementor-widget-image\" data-id=\"84ff0d9\" data-element_type=\"widget\" data-widget_type=\"image.default\">\n\t\t\t\t<div class=\"elementor-widget-container\">\n\t\t\t\t\t\t\t\t\t\t\t\t<figure class=\"wp-caption\">\n\t\t\t\t\t\t\t\t\t\t\t<a href=\"https:\/\/www.milanobedding.it\/es\/portfolio-item\/foster\/\" target=\"_blank\">\n\t\t\t\t\t\t\t<img decoding=\"async\" width=\"1024\" height=\"724\" src=\"https:\/\/www.milanobedding.it\/nw\/wp-content\/uploads\/2026\/04\/Milano-Bedding_Foster-amb2-1024x724.jpg\" class=\"attachment-large size-large wp-image-62324\" alt=\"\" srcset=\"https:\/\/www.milanobedding.it\/nw\/wp-content\/uploads\/2026\/04\/Milano-Bedding_Foster-amb2-1024x724.jpg 1024w, https:\/\/www.milanobedding.it\/nw\/wp-content\/uploads\/2026\/04\/Milano-Bedding_Foster-amb2-300x212.jpg 300w, https:\/\/www.milanobedding.it\/nw\/wp-content\/uploads\/2026\/04\/Milano-Bedding_Foster-amb2-768x543.jpg 768w, https:\/\/www.milanobedding.it\/nw\/wp-content\/uploads\/2026\/04\/Milano-Bedding_Foster-amb2-1536x1086.jpg 1536w, https:\/\/www.milanobedding.it\/nw\/wp-content\/uploads\/2026\/04\/Milano-Bedding_Foster-amb2.jpg 1920w\" sizes=\"(max-width: 1024px) 100vw, 1024px\" \/>\t\t\t\t\t\t\t\t<\/a>\n\t\t\t\t\t\t\t\t\t\t\t<figcaption class=\"widget-image-caption wp-caption-text\">Foster, design Christophe Pillet<\/figcaption>\n\t\t\t\t\t\t\t\t\t\t<\/figure>\n\t\t\t\t\t\t\t\t\t<\/div>\n\t\t\t\t<\/div>\n\t\t\t\t<div class=\"elementor-element elementor-element-8c0488c elementor-align-center elementor-widget elementor-widget-button\" data-id=\"8c0488c\" data-element_type=\"widget\" data-widget_type=\"button.default\">\n\t\t\t\t<div class=\"elementor-widget-container\">\n\t\t\t\t\t\t\t\t\t<div class=\"elementor-button-wrapper\">\n\t\t\t\t\t<a class=\"elementor-button elementor-button-link elementor-size-sm\" href=\"https:\/\/www.milanobedding.it\/es\/portfolio-item\/foster\/\" target=\"_blank\">\n\t\t\t\t\t\t<span class=\"elementor-button-content-wrapper\">\n\t\t\t\t\t\t\t\t\t<span class=\"elementor-button-text\">Descubre Foster<\/span>\n\t\t\t\t\t<\/span>\n\t\t\t\t\t<\/a>\n\t\t\t\t<\/div>\n\t\t\t\t\t\t\t\t<\/div>\n\t\t\t\t<\/div>\n\t\t\t\t\t<\/div>\n\t\t<\/div>\n\t\t\t\t\t<\/div>\n\t\t<\/section>\n\t\t\t\t<section class=\"elementor-section elementor-top-section elementor-element elementor-element-fb180cd elementor-section-boxed elementor-section-height-default elementor-section-height-default qodef-elementor-content-no\" data-id=\"fb180cd\" data-element_type=\"section\">\n\t\t\t\t\t\t<div class=\"elementor-container elementor-column-gap-default\">\n\t\t\t\t\t<div class=\"elementor-column elementor-col-100 elementor-top-column elementor-element elementor-element-d1d7c98\" data-id=\"d1d7c98\" data-element_type=\"column\">\n\t\t\t<div class=\"elementor-widget-wrap elementor-element-populated\">\n\t\t\t\t\t\t<div class=\"elementor-element elementor-element-99dfcc7 elementor-widget elementor-widget-heading\" data-id=\"99dfcc7\" data-element_type=\"widget\" data-widget_type=\"heading.default\">\n\t\t\t\t<div class=\"elementor-widget-container\">\n\t\t\t\t\t<h3 class=\"elementor-heading-title elementor-size-default\">Combinando el sof\u00e1 cama con otros muebles<\/h3>\t\t\t\t<\/div>\n\t\t\t\t<\/div>\n\t\t\t\t<div class=\"elementor-element elementor-element-50412f1 elementor-widget elementor-widget-text-editor\" data-id=\"50412f1\" data-element_type=\"widget\" data-widget_type=\"text-editor.default\">\n\t\t\t\t<div class=\"elementor-widget-container\">\n\t\t\t\t\t\t\t\t\t<p lang=\"it-IT\">Al amueblar el sal\u00f3n, la elecci\u00f3n del sof\u00e1 cama y los accesorios juega un papel fundamental en la definici\u00f3n del equilibrio general del espacio. Para que el sof\u00e1 cama se convierta en la pieza central del sal\u00f3n sin recargarlo, es \u00fatil buscar la armon\u00eda y los contrastes sutiles.<\/p><p><strong>La tapicer\u00eda juega un papel fundamental<\/strong>: las telas texturizadas, los colores neutros y los tonos naturales permiten crear espacios elegantes y atemporales. Alternativamente, el sof\u00e1 puede convertirse en un elemento distintivo mediante acabados, texturas o detalles atrayentes. En este sentido, la <strong>amplia gama de opciones de tapicer\u00eda en diversos materiales que ofrece <a href=\"https:\/\/www.milanobedding.it\/es\/\">Milano Bedding<\/a><\/strong> brinda una gran libertad de composici\u00f3n. Esto permite interpretar diferentes estilos y ambientes, sin sacrificar el equilibrio general de la habitaci\u00f3n.<\/p><p>La elecci\u00f3n del resto del mobiliario tambi\u00e9n contribuye a definir el espacio. Las mesas de centro y las alfombras, que delimitan la zona de conversaci\u00f3n, junto con la iluminaci\u00f3n decorativa realzan el sof\u00e1 sin restarle protagonismo. El objetivo es crear un conjunto armonioso en el que cada elemento contribuya a reforzar el car\u00e1cter del espacio.<\/p><p>\u00a0<\/p>\t\t\t\t\t\t\t\t<\/div>\n\t\t\t\t<\/div>\n\t\t\t\t\t<\/div>\n\t\t<\/div>\n\t\t\t\t\t<\/div>\n\t\t<\/section>\n\t\t\t\t<section class=\"elementor-section elementor-top-section elementor-element elementor-element-840c977 elementor-section-boxed elementor-section-height-default elementor-section-height-default qodef-elementor-content-no\" data-id=\"840c977\" data-element_type=\"section\">\n\t\t\t\t\t\t<div class=\"elementor-container elementor-column-gap-default\">\n\t\t\t\t\t<div class=\"elementor-column elementor-col-33 elementor-top-column elementor-element elementor-element-f0a1d89\" data-id=\"f0a1d89\" data-element_type=\"column\">\n\t\t\t<div class=\"elementor-widget-wrap elementor-element-populated\">\n\t\t\t\t\t\t<div class=\"elementor-element elementor-element-1f929c8 elementor-widget elementor-widget-image\" data-id=\"1f929c8\" data-element_type=\"widget\" data-widget_type=\"image.default\">\n\t\t\t\t<div class=\"elementor-widget-container\">\n\t\t\t\t\t\t\t\t\t\t\t\t\t\t\t<img loading=\"lazy\" decoding=\"async\" width=\"724\" height=\"1024\" src=\"https:\/\/www.milanobedding.it\/nw\/wp-content\/uploads\/2026\/05\/KIRK_G2-724x1024.jpg\" class=\"attachment-large size-large wp-image-62950\" alt=\"\" srcset=\"https:\/\/www.milanobedding.it\/nw\/wp-content\/uploads\/2026\/05\/KIRK_G2-724x1024.jpg 724w, https:\/\/www.milanobedding.it\/nw\/wp-content\/uploads\/2026\/05\/KIRK_G2-212x300.jpg 212w, https:\/\/www.milanobedding.it\/nw\/wp-content\/uploads\/2026\/05\/KIRK_G2-768x1086.jpg 768w, https:\/\/www.milanobedding.it\/nw\/wp-content\/uploads\/2026\/05\/KIRK_G2-1086x1536.jpg 1086w, https:\/\/www.milanobedding.it\/nw\/wp-content\/uploads\/2026\/05\/KIRK_G2-1448x2048.jpg 1448w, https:\/\/www.milanobedding.it\/nw\/wp-content\/uploads\/2026\/05\/KIRK_G2-scaled.jpg 1810w\" sizes=\"(max-width: 724px) 100vw, 724px\" \/>\t\t\t\t\t\t\t\t\t\t\t\t\t\t\t<\/div>\n\t\t\t\t<\/div>\n\t\t\t\t\t<\/div>\n\t\t<\/div>\n\t\t\t\t<div class=\"elementor-column elementor-col-33 elementor-top-column elementor-element elementor-element-9b6ccd4\" data-id=\"9b6ccd4\" data-element_type=\"column\">\n\t\t\t<div class=\"elementor-widget-wrap elementor-element-populated\">\n\t\t\t\t\t\t<div class=\"elementor-element elementor-element-729bac3 elementor-widget elementor-widget-image\" data-id=\"729bac3\" data-element_type=\"widget\" data-widget_type=\"image.default\">\n\t\t\t\t<div class=\"elementor-widget-container\">\n\t\t\t\t\t\t\t\t\t\t\t\t\t\t\t<img loading=\"lazy\" decoding=\"async\" width=\"819\" height=\"1024\" src=\"https:\/\/www.milanobedding.it\/nw\/wp-content\/uploads\/2026\/07\/46-819x1024.jpg\" class=\"attachment-large size-large wp-image-64682\" alt=\"\" srcset=\"https:\/\/www.milanobedding.it\/nw\/wp-content\/uploads\/2026\/07\/46-819x1024.jpg 819w, https:\/\/www.milanobedding.it\/nw\/wp-content\/uploads\/2026\/07\/46-240x300.jpg 240w, https:\/\/www.milanobedding.it\/nw\/wp-content\/uploads\/2026\/07\/46-768x960.jpg 768w, https:\/\/www.milanobedding.it\/nw\/wp-content\/uploads\/2026\/07\/46.jpg 1200w\" sizes=\"(max-width: 819px) 100vw, 819px\" \/>\t\t\t\t\t\t\t\t\t\t\t\t\t\t\t<\/div>\n\t\t\t\t<\/div>\n\t\t\t\t\t<\/div>\n\t\t<\/div>\n\t\t\t\t<div class=\"elementor-column elementor-col-33 elementor-top-column elementor-element elementor-element-fb25413\" data-id=\"fb25413\" data-element_type=\"column\">\n\t\t\t<div class=\"elementor-widget-wrap elementor-element-populated\">\n\t\t\t\t\t\t<div class=\"elementor-element elementor-element-5274ccc elementor-widget elementor-widget-image\" data-id=\"5274ccc\" data-element_type=\"widget\" data-widget_type=\"image.default\">\n\t\t\t\t<div class=\"elementor-widget-container\">\n\t\t\t\t\t\t\t\t\t\t\t\t\t\t\t<img loading=\"lazy\" decoding=\"async\" width=\"202\" height=\"315\" src=\"https:\/\/www.milanobedding.it\/nw\/wp-content\/uploads\/2022\/06\/zz_moonlr.png\" class=\"attachment-large size-large wp-image-56336\" alt=\"\" srcset=\"https:\/\/www.milanobedding.it\/nw\/wp-content\/uploads\/2022\/06\/zz_moonlr.png 202w, https:\/\/www.milanobedding.it\/nw\/wp-content\/uploads\/2022\/06\/zz_moonlr-192x300.png 192w\" sizes=\"(max-width: 202px) 100vw, 202px\" \/>\t\t\t\t\t\t\t\t\t\t\t\t\t\t\t<\/div>\n\t\t\t\t<\/div>\n\t\t\t\t\t<\/div>\n\t\t<\/div>\n\t\t\t\t\t<\/div>\n\t\t<\/section>\n\t\t\t\t<section class=\"elementor-section elementor-top-section elementor-element elementor-element-38b2b50 elementor-section-boxed elementor-section-height-default elementor-section-height-default qodef-elementor-content-no\" data-id=\"38b2b50\" data-element_type=\"section\">\n\t\t\t\t\t\t<div class=\"elementor-container elementor-column-gap-default\">\n\t\t\t\t\t<div class=\"elementor-column elementor-col-100 elementor-top-column elementor-element elementor-element-fe23ae4\" data-id=\"fe23ae4\" data-element_type=\"column\">\n\t\t\t<div class=\"elementor-widget-wrap elementor-element-populated\">\n\t\t\t\t\t\t<div class=\"elementor-element elementor-element-8672367 elementor-widget elementor-widget-spacer\" data-id=\"8672367\" data-element_type=\"widget\" data-widget_type=\"spacer.default\">\n\t\t\t\t<div class=\"elementor-widget-container\">\n\t\t\t\t\t\t\t<div class=\"elementor-spacer\">\n\t\t\t<div class=\"elementor-spacer-inner\"><\/div>\n\t\t<\/div>\n\t\t\t\t\t\t<\/div>\n\t\t\t\t<\/div>\n\t\t\t\t\t<\/div>\n\t\t<\/div>\n\t\t\t\t\t<\/div>\n\t\t<\/section>\n\t\t\t\t<section class=\"elementor-section elementor-top-section elementor-element elementor-element-713c167 elementor-section-boxed elementor-section-height-default elementor-section-height-default qodef-elementor-content-no\" data-id=\"713c167\" data-element_type=\"section\">\n\t\t\t\t\t\t<div class=\"elementor-container elementor-column-gap-default\">\n\t\t\t\t\t<div class=\"elementor-column elementor-col-100 elementor-top-column elementor-element elementor-element-f94b7b5\" data-id=\"f94b7b5\" data-element_type=\"column\">\n\t\t\t<div class=\"elementor-widget-wrap elementor-element-populated\">\n\t\t\t\t\t\t<div class=\"elementor-element elementor-element-252cb6b elementor-widget elementor-widget-heading\" data-id=\"252cb6b\" data-element_type=\"widget\" data-widget_type=\"heading.default\">\n\t\t\t\t<div class=\"elementor-widget-container\">\n\t\t\t\t\t<h3 class=\"elementor-heading-title elementor-size-default\">El atractivo de las l\u00edneas bajas y los asientos profundos en los sof\u00e1s cama<\/h3>\t\t\t\t<\/div>\n\t\t\t\t<\/div>\n\t\t\t\t<div class=\"elementor-element elementor-element-8c80525 elementor-widget elementor-widget-text-editor\" data-id=\"8c80525\" data-element_type=\"widget\" data-widget_type=\"text-editor.default\">\n\t\t\t\t<div class=\"elementor-widget-container\">\n\t\t\t\t\t\t\t\t\t<p>Entre las tendencias m\u00e1s populares del dise\u00f1o de interiores contempor\u00e1neo se encuentran los sof\u00e1s de l\u00edneas bajas y asientos amplios, capaces de transmitir de inmediato una sensaci\u00f3n de bienvenida.<\/p><p><br \/><strong><a href=\"https:\/\/www.milanobedding.it\/es\/portfolio-item\/rufus\/\">Rufus<\/a>, dise\u00f1ado por Christophe Pillet<\/strong> para Milano Bedding, interpreta esta filosof\u00eda con una <strong>estructura particularmente baja, casi tocando el suelo, y un asiento profundo<\/strong> definido por un \u00fanico coj\u00edn grande. El resultado es un sof\u00e1 cama de est\u00e9tica sencilla y elegante, un punto focal del sal\u00f3n que, a la vez, mantiene una presencia discreta y refinada.<br \/>Su capacidad para transformarse f\u00e1cilmente en una c\u00f3moda cama demuestra c\u00f3mo <strong>el dise\u00f1o y la funcionalidad pueden coexistir sin compromisos<\/strong>.<\/p>\t\t\t\t\t\t\t\t<\/div>\n\t\t\t\t<\/div>\n\t\t\t\t\t<\/div>\n\t\t<\/div>\n\t\t\t\t\t<\/div>\n\t\t<\/section>\n\t\t\t\t<section class=\"elementor-section elementor-top-section elementor-element elementor-element-4edfdf6 elementor-section-boxed elementor-section-height-default elementor-section-height-default qodef-elementor-content-no\" data-id=\"4edfdf6\" data-element_type=\"section\">\n\t\t\t\t\t\t<div class=\"elementor-container elementor-column-gap-default\">\n\t\t\t\t\t<div class=\"elementor-column elementor-col-100 elementor-top-column elementor-element elementor-element-f2a77c9\" data-id=\"f2a77c9\" data-element_type=\"column\">\n\t\t\t<div class=\"elementor-widget-wrap elementor-element-populated\">\n\t\t\t\t\t\t<div class=\"elementor-element elementor-element-ed5c3b6 elementor-widget elementor-widget-image\" data-id=\"ed5c3b6\" data-element_type=\"widget\" data-widget_type=\"image.default\">\n\t\t\t\t<div class=\"elementor-widget-container\">\n\t\t\t\t\t\t\t\t\t\t\t\t<figure class=\"wp-caption\">\n\t\t\t\t\t\t\t\t\t\t\t<a href=\"https:\/\/www.milanobedding.it\/es\/portfolio-item\/rufus\/\" target=\"_blank\">\n\t\t\t\t\t\t\t<img loading=\"lazy\" decoding=\"async\" width=\"1024\" height=\"527\" src=\"https:\/\/www.milanobedding.it\/nw\/wp-content\/uploads\/2025\/04\/rufus.jpg\" class=\"attachment-large size-large wp-image-51830\" alt=\"\" srcset=\"https:\/\/www.milanobedding.it\/nw\/wp-content\/uploads\/2025\/04\/rufus.jpg 1024w, https:\/\/www.milanobedding.it\/nw\/wp-content\/uploads\/2025\/04\/rufus-300x154.jpg 300w, https:\/\/www.milanobedding.it\/nw\/wp-content\/uploads\/2025\/04\/rufus-768x395.jpg 768w\" sizes=\"(max-width: 1024px) 100vw, 1024px\" \/>\t\t\t\t\t\t\t\t<\/a>\n\t\t\t\t\t\t\t\t\t\t\t<figcaption class=\"widget-image-caption wp-caption-text\">Rufus, design Christope Pillet<\/figcaption>\n\t\t\t\t\t\t\t\t\t\t<\/figure>\n\t\t\t\t\t\t\t\t\t<\/div>\n\t\t\t\t<\/div>\n\t\t\t\t\t<\/div>\n\t\t<\/div>\n\t\t\t\t\t<\/div>\n\t\t<\/section>\n\t\t\t\t<section class=\"elementor-section elementor-top-section elementor-element elementor-element-3d01b80 elementor-section-boxed elementor-section-height-default elementor-section-height-default qodef-elementor-content-no\" data-id=\"3d01b80\" data-element_type=\"section\">\n\t\t\t\t\t\t<div class=\"elementor-container elementor-column-gap-default\">\n\t\t\t\t\t<div class=\"elementor-column elementor-col-100 elementor-top-column elementor-element elementor-element-161075f\" data-id=\"161075f\" data-element_type=\"column\">\n\t\t\t<div class=\"elementor-widget-wrap elementor-element-populated\">\n\t\t\t\t\t\t<div class=\"elementor-element elementor-element-a41eeec elementor-align-center elementor-widget elementor-widget-button\" data-id=\"a41eeec\" data-element_type=\"widget\" data-widget_type=\"button.default\">\n\t\t\t\t<div class=\"elementor-widget-container\">\n\t\t\t\t\t\t\t\t\t<div class=\"elementor-button-wrapper\">\n\t\t\t\t\t<a class=\"elementor-button elementor-button-link elementor-size-sm\" href=\"https:\/\/www.milanobedding.it\/es\/portfolio-item\/rufus\/\" target=\"_blank\">\n\t\t\t\t\t\t<span class=\"elementor-button-content-wrapper\">\n\t\t\t\t\t\t\t\t\t<span class=\"elementor-button-text\">Descubre Rufus<\/span>\n\t\t\t\t\t<\/span>\n\t\t\t\t\t<\/a>\n\t\t\t\t<\/div>\n\t\t\t\t\t\t\t\t<\/div>\n\t\t\t\t<\/div>\n\t\t\t\t\t<\/div>\n\t\t<\/div>\n\t\t\t\t\t<\/div>\n\t\t<\/section>\n\t\t\t\t<section class=\"elementor-section elementor-top-section elementor-element elementor-element-63e4bd3 elementor-section-boxed elementor-section-height-default elementor-section-height-default qodef-elementor-content-no\" data-id=\"63e4bd3\" data-element_type=\"section\">\n\t\t\t\t\t\t<div class=\"elementor-container elementor-column-gap-default\">\n\t\t\t\t\t<div class=\"elementor-column elementor-col-100 elementor-top-column elementor-element elementor-element-3a23f49\" data-id=\"3a23f49\" data-element_type=\"column\">\n\t\t\t<div class=\"elementor-widget-wrap elementor-element-populated\">\n\t\t\t\t\t\t<div class=\"elementor-element elementor-element-e555ede elementor-widget elementor-widget-heading\" data-id=\"e555ede\" data-element_type=\"widget\" data-widget_type=\"heading.default\">\n\t\t\t\t<div class=\"elementor-widget-container\">\n\t\t\t\t\t<h3 class=\"elementor-heading-title elementor-size-default\">Funcionalidad avanzada y elegancia atemporal en los sof\u00e1s cama<\/h3>\t\t\t\t<\/div>\n\t\t\t\t<\/div>\n\t\t\t\t<div class=\"elementor-element elementor-element-2dae530 elementor-widget elementor-widget-text-editor\" data-id=\"2dae530\" data-element_type=\"widget\" data-widget_type=\"text-editor.default\">\n\t\t\t\t<div class=\"elementor-widget-container\">\n\t\t\t\t\t\t\t\t\t<p>Elegir un sof\u00e1 cama como elemento central de tu sal\u00f3n implica replantear el concepto mismo de funcionalidad. Ya no es un mueble secundario para invitados ocasionales, sino un protagonista capaz de definir la identidad del espacio y acompa\u00f1arte en el d\u00eda a d\u00eda.<\/p><p><br \/>Ya sean las formas org\u00e1nicas de <a href=\"https:\/\/www.milanobedding.it\/es\/portfolio-item\/kirk\/\">Kirk<\/a>, la modularidad de <a href=\"https:\/\/www.milanobedding.it\/es\/portfolio-item\/foster\/\">Foster<\/a> o la elegancia esencial de <a href=\"https:\/\/www.milanobedding.it\/es\/portfolio-item\/rufus\/\">Rufus<\/a>, <strong>los sof\u00e1s cama de Milano Bedding demuestran c\u00f3mo es posible combinar dise\u00f1o, comodidad y practicidad en una sola soluci\u00f3n<\/strong>. Un equilibrio que hace que el sal\u00f3n sea m\u00e1s acogedor, vers\u00e1til y perfectamente adaptado a las necesidades de la vida contempor\u00e1nea.<\/p>\t\t\t\t\t\t\t\t<\/div>\n\t\t\t\t<\/div>\n\t\t\t\t\t<\/div>\n\t\t<\/div>\n\t\t\t\t\t<\/div>\n\t\t<\/section>\n\t\t\t\t<section class=\"elementor-section elementor-top-section elementor-element elementor-element-3378a5b elementor-section-boxed elementor-section-height-default elementor-section-height-default qodef-elementor-content-no\" data-id=\"3378a5b\" data-element_type=\"section\">\n\t\t\t\t\t\t<div class=\"elementor-container elementor-column-gap-default\">\n\t\t\t\t\t<div class=\"elementor-column elementor-col-33 elementor-top-column elementor-element elementor-element-7b0930d\" data-id=\"7b0930d\" data-element_type=\"column\">\n\t\t\t<div class=\"elementor-widget-wrap elementor-element-populated\">\n\t\t\t\t\t\t<div class=\"elementor-element elementor-element-d982d73 elementor-align-center elementor-widget elementor-widget-button\" data-id=\"d982d73\" data-element_type=\"widget\" data-widget_type=\"button.default\">\n\t\t\t\t<div class=\"elementor-widget-container\">\n\t\t\t\t\t\t\t\t\t<div class=\"elementor-button-wrapper\">\n\t\t\t\t\t<a class=\"elementor-button elementor-button-link elementor-size-sm\" href=\"https:\/\/www.milanobedding.it\/es\/\" target=\"_blank\">\n\t\t\t\t\t\t<span class=\"elementor-button-content-wrapper\">\n\t\t\t\t\t\t\t\t\t<span class=\"elementor-button-text\">MilanoBedding.it<\/span>\n\t\t\t\t\t<\/span>\n\t\t\t\t\t<\/a>\n\t\t\t\t<\/div>\n\t\t\t\t\t\t\t\t<\/div>\n\t\t\t\t<\/div>\n\t\t\t\t\t<\/div>\n\t\t<\/div>\n\t\t\t\t<div class=\"elementor-column elementor-col-33 elementor-top-column elementor-element elementor-element-31e4055\" data-id=\"31e4055\" data-element_type=\"column\">\n\t\t\t<div class=\"elementor-widget-wrap elementor-element-populated\">\n\t\t\t\t\t\t<div class=\"elementor-element elementor-element-8a56f5e elementor-align-center elementor-widget elementor-widget-button\" data-id=\"8a56f5e\" data-element_type=\"widget\" data-widget_type=\"button.default\">\n\t\t\t\t<div class=\"elementor-widget-container\">\n\t\t\t\t\t\t\t\t\t<div class=\"elementor-button-wrapper\">\n\t\t\t\t\t<a class=\"elementor-button elementor-button-link elementor-size-sm\" href=\"https:\/\/www.milanobedding.store\/it\/\" target=\"_blank\">\n\t\t\t\t\t\t<span class=\"elementor-button-content-wrapper\">\n\t\t\t\t\t\t\t\t\t<span class=\"elementor-button-text\">Tienda online<\/span>\n\t\t\t\t\t<\/span>\n\t\t\t\t\t<\/a>\n\t\t\t\t<\/div>\n\t\t\t\t\t\t\t\t<\/div>\n\t\t\t\t<\/div>\n\t\t\t\t\t<\/div>\n\t\t<\/div>\n\t\t\t\t<div class=\"elementor-column elementor-col-33 elementor-top-column elementor-element elementor-element-ef1f1cb\" data-id=\"ef1f1cb\" data-element_type=\"column\">\n\t\t\t<div class=\"elementor-widget-wrap elementor-element-populated\">\n\t\t\t\t\t\t<div class=\"elementor-element elementor-element-2d65ff7 elementor-align-center elementor-widget elementor-widget-button\" data-id=\"2d65ff7\" data-element_type=\"widget\" data-widget_type=\"button.default\">\n\t\t\t\t<div class=\"elementor-widget-container\">\n\t\t\t\t\t\t\t\t\t<div class=\"elementor-button-wrapper\">\n\t\t\t\t\t<a class=\"elementor-button elementor-button-link elementor-size-sm\" href=\"mailto:info@milanobedding.it\" target=\"_blank\">\n\t\t\t\t\t\t<span class=\"elementor-button-content-wrapper\">\n\t\t\t\t\t\t\t\t\t<span class=\"elementor-button-text\">Contacto<\/span>\n\t\t\t\t\t<\/span>\n\t\t\t\t\t<\/a>\n\t\t\t\t<\/div>\n\t\t\t\t\t\t\t\t<\/div>\n\t\t\t\t<\/div>\n\t\t\t\t\t<\/div>\n\t\t<\/div>\n\t\t\t\t\t<\/div>\n\t\t<\/section>\n\t\t\t\t<\/div>\n\t\t","protected":false},"excerpt":{"rendered":"<p>El estilo, la modularidad y las combinaciones dise\u00f1adas por Milano Bedding realzan el sof\u00e1 cama y crean un sal\u00f3n acogedor, funcional y armonioso. El sal\u00f3n se est\u00e1 convirtiendo cada vez m\u00e1s en un espacio multifuncional, dedicado al descanso, la convivencia e incluso, cuando es necesario, a recibir invitados. En este contexto, las soluciones de Milano [&hellip;]<\/p>\n","protected":false},"author":1,"featured_media":64673,"comment_status":"open","ping_status":"open","sticky":false,"template":"","format":"standard","meta":{"_acf_changed":false,"footnotes":""},"categories":[381],"tags":[401,412,517,558,562,742,1039,1041,1094,1764,1765,1766],"class_list":["post-64739","post","type-post","status-publish","format-standard","has-post-thumbnail","hentry","category-design-es","tag-divani-letto-es","tag-divano-letto-es","tag-made-in-italy-es","tag-milano-bedding-es","tag-living-es","tag-divani-trasformabili-es","tag-cama","tag-sofa-es","tag-sofa-cama","tag-sofa-convertible","tag-descanso-transversal","tag-sofa-cama-modulare"],"acf":[],"yoast_head":"<!-- This site is optimized with the Yoast SEO plugin v27.0 - https:\/\/yoast.com\/product\/yoast-seo-wordpress\/ -->\n<title>El sof\u00e1 cama de Milano Bedding como pieza central del sal\u00f3n.<\/title>\n<meta name=\"description\" content=\"El sof\u00e1 cama como pieza central del sal\u00f3n. Consejos de Milano Bedding sobre proporciones, composiciones y combinaciones.\" \/>\n<meta name=\"robots\" content=\"index, follow, max-snippet:-1, max-image-preview:large, max-video-preview:-1\" \/>\n<link rel=\"canonical\" href=\"https:\/\/www.milanobedding.it\/es\/design-es\/sofa-cama-milano-bedding-salon\/\" \/>\n<meta property=\"og:locale\" content=\"es_ES\" \/>\n<meta property=\"og:type\" content=\"article\" \/>\n<meta property=\"og:title\" content=\"El sof\u00e1 cama de Milano Bedding como pieza central del sal\u00f3n.\" \/>\n<meta property=\"og:description\" content=\"El sof\u00e1 cama como pieza central del sal\u00f3n. Consejos de Milano Bedding sobre proporciones, composiciones y combinaciones.\" \/>\n<meta property=\"og:url\" content=\"https:\/\/www.milanobedding.it\/es\/design-es\/sofa-cama-milano-bedding-salon\/\" \/>\n<meta property=\"og:site_name\" content=\"Milano Bedding\" \/>\n<meta property=\"article:publisher\" content=\"https:\/\/www.facebook.com\/milanobeddingitaly\" \/>\n<meta property=\"article:published_time\" content=\"2026-09-01T07:05:04+00:00\" \/>\n<meta property=\"article:modified_time\" content=\"2026-09-01T07:21:50+00:00\" \/>\n<meta property=\"og:image\" content=\"https:\/\/www.milanobedding.it\/nw\/wp-content\/uploads\/2026\/07\/Milano-Bedding_Kirk-KarimRashid-amb04_low-scaled.jpg\" \/>\n\t<meta property=\"og:image:width\" content=\"2560\" \/>\n\t<meta property=\"og:image:height\" content=\"1810\" \/>\n\t<meta property=\"og:image:type\" content=\"image\/jpeg\" \/>\n<meta name=\"author\" content=\"admin\" \/>\n<meta name=\"twitter:card\" content=\"summary_large_image\" \/>\n<meta name=\"twitter:label1\" content=\"Escrito por\" \/>\n\t<meta name=\"twitter:data1\" content=\"admin\" \/>\n\t<meta name=\"twitter:label2\" content=\"Tiempo de lectura\" \/>\n\t<meta name=\"twitter:data2\" content=\"7 minutos\" \/>\n<script type=\"application\/ld+json\" class=\"yoast-schema-graph\">{\"@context\":\"https:\/\/schema.org\",\"@graph\":[{\"@type\":\"Article\",\"@id\":\"https:\/\/www.milanobedding.it\/es\/design-es\/sofa-cama-milano-bedding-salon\/#article\",\"isPartOf\":{\"@id\":\"https:\/\/www.milanobedding.it\/es\/design-es\/sofa-cama-milano-bedding-salon\/\"},\"author\":{\"name\":\"admin\",\"@id\":\"https:\/\/www.milanobedding.it\/es\/#\/schema\/person\/d51fd7f296e76a5886105dd44336531b\"},\"headline\":\"El sof\u00e1 cama como pieza central del sal\u00f3n. Consejos de Milano Bedding sobre proporciones, composiciones y combinaciones.\",\"datePublished\":\"2026-09-01T07:05:04+00:00\",\"dateModified\":\"2026-09-01T07:21:50+00:00\",\"mainEntityOfPage\":{\"@id\":\"https:\/\/www.milanobedding.it\/es\/design-es\/sofa-cama-milano-bedding-salon\/\"},\"wordCount\":1161,\"commentCount\":0,\"publisher\":{\"@id\":\"https:\/\/www.milanobedding.it\/es\/#organization\"},\"image\":{\"@id\":\"https:\/\/www.milanobedding.it\/es\/design-es\/sofa-cama-milano-bedding-salon\/#primaryimage\"},\"thumbnailUrl\":\"https:\/\/www.milanobedding.it\/nw\/wp-content\/uploads\/2026\/07\/Milano-Bedding_Kirk-KarimRashid-amb04_low-scaled.jpg\",\"keywords\":[\"divani letto\",\"Divano letto\",\"made in italy\",\"Milano Bedding\",\"living\",\"divani trasformabili\",\"cama\",\"sofa\",\"sofa cama\",\"sof\u00e1 convertible\",\"descanso transversal\",\"sof\u00e1 cama modulare\"],\"articleSection\":[\"Design\"],\"inLanguage\":\"es\",\"potentialAction\":[{\"@type\":\"CommentAction\",\"name\":\"Comment\",\"target\":[\"https:\/\/www.milanobedding.it\/es\/design-es\/sofa-cama-milano-bedding-salon\/#respond\"]}]},{\"@type\":\"WebPage\",\"@id\":\"https:\/\/www.milanobedding.it\/es\/design-es\/sofa-cama-milano-bedding-salon\/\",\"url\":\"https:\/\/www.milanobedding.it\/es\/design-es\/sofa-cama-milano-bedding-salon\/\",\"name\":\"El sof\u00e1 cama de Milano Bedding como pieza central del sal\u00f3n.\",\"isPartOf\":{\"@id\":\"https:\/\/www.milanobedding.it\/es\/#website\"},\"primaryImageOfPage\":{\"@id\":\"https:\/\/www.milanobedding.it\/es\/design-es\/sofa-cama-milano-bedding-salon\/#primaryimage\"},\"image\":{\"@id\":\"https:\/\/www.milanobedding.it\/es\/design-es\/sofa-cama-milano-bedding-salon\/#primaryimage\"},\"thumbnailUrl\":\"https:\/\/www.milanobedding.it\/nw\/wp-content\/uploads\/2026\/07\/Milano-Bedding_Kirk-KarimRashid-amb04_low-scaled.jpg\",\"datePublished\":\"2026-09-01T07:05:04+00:00\",\"dateModified\":\"2026-09-01T07:21:50+00:00\",\"description\":\"El sof\u00e1 cama como pieza central del sal\u00f3n. Consejos de Milano Bedding sobre proporciones, composiciones y combinaciones.\",\"breadcrumb\":{\"@id\":\"https:\/\/www.milanobedding.it\/es\/design-es\/sofa-cama-milano-bedding-salon\/#breadcrumb\"},\"inLanguage\":\"es\",\"potentialAction\":[{\"@type\":\"ReadAction\",\"target\":[\"https:\/\/www.milanobedding.it\/es\/design-es\/sofa-cama-milano-bedding-salon\/\"]}]},{\"@type\":\"ImageObject\",\"inLanguage\":\"es\",\"@id\":\"https:\/\/www.milanobedding.it\/es\/design-es\/sofa-cama-milano-bedding-salon\/#primaryimage\",\"url\":\"https:\/\/www.milanobedding.it\/nw\/wp-content\/uploads\/2026\/07\/Milano-Bedding_Kirk-KarimRashid-amb04_low-scaled.jpg\",\"contentUrl\":\"https:\/\/www.milanobedding.it\/nw\/wp-content\/uploads\/2026\/07\/Milano-Bedding_Kirk-KarimRashid-amb04_low-scaled.jpg\",\"width\":2560,\"height\":1810},{\"@type\":\"BreadcrumbList\",\"@id\":\"https:\/\/www.milanobedding.it\/es\/design-es\/sofa-cama-milano-bedding-salon\/#breadcrumb\",\"itemListElement\":[{\"@type\":\"ListItem\",\"position\":1,\"name\":\"Home\",\"item\":\"https:\/\/www.milanobedding.it\/es\/\"},{\"@type\":\"ListItem\",\"position\":2,\"name\":\"El sof\u00e1 cama como pieza central del sal\u00f3n. Consejos de Milano Bedding sobre proporciones, composiciones y combinaciones.\"}]},{\"@type\":\"WebSite\",\"@id\":\"https:\/\/www.milanobedding.it\/es\/#website\",\"url\":\"https:\/\/www.milanobedding.it\/es\/\",\"name\":\"Milano Bedding\",\"description\":\"100% Italian Quality\",\"publisher\":{\"@id\":\"https:\/\/www.milanobedding.it\/es\/#organization\"},\"potentialAction\":[{\"@type\":\"SearchAction\",\"target\":{\"@type\":\"EntryPoint\",\"urlTemplate\":\"https:\/\/www.milanobedding.it\/es\/?s={search_term_string}\"},\"query-input\":{\"@type\":\"PropertyValueSpecification\",\"valueRequired\":true,\"valueName\":\"search_term_string\"}}],\"inLanguage\":\"es\"},{\"@type\":\"Organization\",\"@id\":\"https:\/\/www.milanobedding.it\/es\/#organization\",\"name\":\"Milanobedding\",\"url\":\"https:\/\/www.milanobedding.it\/es\/\",\"logo\":{\"@type\":\"ImageObject\",\"inLanguage\":\"es\",\"@id\":\"https:\/\/www.milanobedding.it\/es\/#\/schema\/logo\/image\/\",\"url\":\"https:\/\/www.milanobedding.it\/nw\/wp-content\/uploads\/2022\/03\/logo-milanobedding.png\",\"contentUrl\":\"https:\/\/www.milanobedding.it\/nw\/wp-content\/uploads\/2022\/03\/logo-milanobedding.png\",\"width\":327,\"height\":108,\"caption\":\"Milanobedding\"},\"image\":{\"@id\":\"https:\/\/www.milanobedding.it\/es\/#\/schema\/logo\/image\/\"},\"sameAs\":[\"https:\/\/www.facebook.com\/milanobeddingitaly\"]},{\"@type\":\"Person\",\"@id\":\"https:\/\/www.milanobedding.it\/es\/#\/schema\/person\/d51fd7f296e76a5886105dd44336531b\",\"name\":\"admin\",\"image\":{\"@type\":\"ImageObject\",\"inLanguage\":\"es\",\"@id\":\"https:\/\/www.milanobedding.it\/es\/#\/schema\/person\/image\/\",\"url\":\"https:\/\/secure.gravatar.com\/avatar\/abf69dfa54a0b8bccee1ce0a34a43d8c8b2e102040c04e18cf86a354c8928625?s=96&d=mm&r=g\",\"contentUrl\":\"https:\/\/secure.gravatar.com\/avatar\/abf69dfa54a0b8bccee1ce0a34a43d8c8b2e102040c04e18cf86a354c8928625?s=96&d=mm&r=g\",\"caption\":\"admin\"},\"sameAs\":[\"https:\/\/www.milanobedding.it\/nw\"]}]}<\/script>\n<!-- \/ Yoast SEO plugin. -->","yoast_head_json":{"title":"El sof\u00e1 cama de Milano Bedding como pieza central del sal\u00f3n.","description":"El sof\u00e1 cama como pieza central del sal\u00f3n. Consejos de Milano Bedding sobre proporciones, composiciones y combinaciones.","robots":{"index":"index","follow":"follow","max-snippet":"max-snippet:-1","max-image-preview":"max-image-preview:large","max-video-preview":"max-video-preview:-1"},"canonical":"https:\/\/www.milanobedding.it\/es\/design-es\/sofa-cama-milano-bedding-salon\/","og_locale":"es_ES","og_type":"article","og_title":"El sof\u00e1 cama de Milano Bedding como pieza central del sal\u00f3n.","og_description":"El sof\u00e1 cama como pieza central del sal\u00f3n. Consejos de Milano Bedding sobre proporciones, composiciones y combinaciones.","og_url":"https:\/\/www.milanobedding.it\/es\/design-es\/sofa-cama-milano-bedding-salon\/","og_site_name":"Milano Bedding","article_publisher":"https:\/\/www.facebook.com\/milanobeddingitaly","article_published_time":"2026-09-01T07:05:04+00:00","article_modified_time":"2026-09-01T07:21:50+00:00","og_image":[{"width":2560,"height":1810,"url":"https:\/\/www.milanobedding.it\/nw\/wp-content\/uploads\/2026\/07\/Milano-Bedding_Kirk-KarimRashid-amb04_low-scaled.jpg","type":"image\/jpeg"}],"author":"admin","twitter_card":"summary_large_image","twitter_misc":{"Escrito por":"admin","Tiempo de lectura":"7 minutos"},"schema":{"@context":"https:\/\/schema.org","@graph":[{"@type":"Article","@id":"https:\/\/www.milanobedding.it\/es\/design-es\/sofa-cama-milano-bedding-salon\/#article","isPartOf":{"@id":"https:\/\/www.milanobedding.it\/es\/design-es\/sofa-cama-milano-bedding-salon\/"},"author":{"name":"admin","@id":"https:\/\/www.milanobedding.it\/es\/#\/schema\/person\/d51fd7f296e76a5886105dd44336531b"},"headline":"El sof\u00e1 cama como pieza central del sal\u00f3n. Consejos de Milano Bedding sobre proporciones, composiciones y combinaciones.","datePublished":"2026-09-01T07:05:04+00:00","dateModified":"2026-09-01T07:21:50+00:00","mainEntityOfPage":{"@id":"https:\/\/www.milanobedding.it\/es\/design-es\/sofa-cama-milano-bedding-salon\/"},"wordCount":1161,"commentCount":0,"publisher":{"@id":"https:\/\/www.milanobedding.it\/es\/#organization"},"image":{"@id":"https:\/\/www.milanobedding.it\/es\/design-es\/sofa-cama-milano-bedding-salon\/#primaryimage"},"thumbnailUrl":"https:\/\/www.milanobedding.it\/nw\/wp-content\/uploads\/2026\/07\/Milano-Bedding_Kirk-KarimRashid-amb04_low-scaled.jpg","keywords":["divani letto","Divano letto","made in italy","Milano Bedding","living","divani trasformabili","cama","sofa","sofa cama","sof\u00e1 convertible","descanso transversal","sof\u00e1 cama modulare"],"articleSection":["Design"],"inLanguage":"es","potentialAction":[{"@type":"CommentAction","name":"Comment","target":["https:\/\/www.milanobedding.it\/es\/design-es\/sofa-cama-milano-bedding-salon\/#respond"]}]},{"@type":"WebPage","@id":"https:\/\/www.milanobedding.it\/es\/design-es\/sofa-cama-milano-bedding-salon\/","url":"https:\/\/www.milanobedding.it\/es\/design-es\/sofa-cama-milano-bedding-salon\/","name":"El sof\u00e1 cama de Milano Bedding como pieza central del sal\u00f3n.","isPartOf":{"@id":"https:\/\/www.milanobedding.it\/es\/#website"},"primaryImageOfPage":{"@id":"https:\/\/www.milanobedding.it\/es\/design-es\/sofa-cama-milano-bedding-salon\/#primaryimage"},"image":{"@id":"https:\/\/www.milanobedding.it\/es\/design-es\/sofa-cama-milano-bedding-salon\/#primaryimage"},"thumbnailUrl":"https:\/\/www.milanobedding.it\/nw\/wp-content\/uploads\/2026\/07\/Milano-Bedding_Kirk-KarimRashid-amb04_low-scaled.jpg","datePublished":"2026-09-01T07:05:04+00:00","dateModified":"2026-09-01T07:21:50+00:00","description":"El sof\u00e1 cama como pieza central del sal\u00f3n. Consejos de Milano Bedding sobre proporciones, composiciones y combinaciones.","breadcrumb":{"@id":"https:\/\/www.milanobedding.it\/es\/design-es\/sofa-cama-milano-bedding-salon\/#breadcrumb"},"inLanguage":"es","potentialAction":[{"@type":"ReadAction","target":["https:\/\/www.milanobedding.it\/es\/design-es\/sofa-cama-milano-bedding-salon\/"]}]},{"@type":"ImageObject","inLanguage":"es","@id":"https:\/\/www.milanobedding.it\/es\/design-es\/sofa-cama-milano-bedding-salon\/#primaryimage","url":"https:\/\/www.milanobedding.it\/nw\/wp-content\/uploads\/2026\/07\/Milano-Bedding_Kirk-KarimRashid-amb04_low-scaled.jpg","contentUrl":"https:\/\/www.milanobedding.it\/nw\/wp-content\/uploads\/2026\/07\/Milano-Bedding_Kirk-KarimRashid-amb04_low-scaled.jpg","width":2560,"height":1810},{"@type":"BreadcrumbList","@id":"https:\/\/www.milanobedding.it\/es\/design-es\/sofa-cama-milano-bedding-salon\/#breadcrumb","itemListElement":[{"@type":"ListItem","position":1,"name":"Home","item":"https:\/\/www.milanobedding.it\/es\/"},{"@type":"ListItem","position":2,"name":"El sof\u00e1 cama como pieza central del sal\u00f3n. Consejos de Milano Bedding sobre proporciones, composiciones y combinaciones."}]},{"@type":"WebSite","@id":"https:\/\/www.milanobedding.it\/es\/#website","url":"https:\/\/www.milanobedding.it\/es\/","name":"Milano Bedding","description":"100% Italian Quality","publisher":{"@id":"https:\/\/www.milanobedding.it\/es\/#organization"},"potentialAction":[{"@type":"SearchAction","target":{"@type":"EntryPoint","urlTemplate":"https:\/\/www.milanobedding.it\/es\/?s={search_term_string}"},"query-input":{"@type":"PropertyValueSpecification","valueRequired":true,"valueName":"search_term_string"}}],"inLanguage":"es"},{"@type":"Organization","@id":"https:\/\/www.milanobedding.it\/es\/#organization","name":"Milanobedding","url":"https:\/\/www.milanobedding.it\/es\/","logo":{"@type":"ImageObject","inLanguage":"es","@id":"https:\/\/www.milanobedding.it\/es\/#\/schema\/logo\/image\/","url":"https:\/\/www.milanobedding.it\/nw\/wp-content\/uploads\/2022\/03\/logo-milanobedding.png","contentUrl":"https:\/\/www.milanobedding.it\/nw\/wp-content\/uploads\/2022\/03\/logo-milanobedding.png","width":327,"height":108,"caption":"Milanobedding"},"image":{"@id":"https:\/\/www.milanobedding.it\/es\/#\/schema\/logo\/image\/"},"sameAs":["https:\/\/www.facebook.com\/milanobeddingitaly"]},{"@type":"Person","@id":"https:\/\/www.milanobedding.it\/es\/#\/schema\/person\/d51fd7f296e76a5886105dd44336531b","name":"admin","image":{"@type":"ImageObject","inLanguage":"es","@id":"https:\/\/www.milanobedding.it\/es\/#\/schema\/person\/image\/","url":"https:\/\/secure.gravatar.com\/avatar\/abf69dfa54a0b8bccee1ce0a34a43d8c8b2e102040c04e18cf86a354c8928625?s=96&d=mm&r=g","contentUrl":"https:\/\/secure.gravatar.com\/avatar\/abf69dfa54a0b8bccee1ce0a34a43d8c8b2e102040c04e18cf86a354c8928625?s=96&d=mm&r=g","caption":"admin"},"sameAs":["https:\/\/www.milanobedding.it\/nw"]}]}},"_links":{"self":[{"href":"https:\/\/www.milanobedding.it\/es\/wp-json\/wp\/v2\/posts\/64739","targetHints":{"allow":["GET"]}}],"collection":[{"href":"https:\/\/www.milanobedding.it\/es\/wp-json\/wp\/v2\/posts"}],"about":[{"href":"https:\/\/www.milanobedding.it\/es\/wp-json\/wp\/v2\/types\/post"}],"author":[{"embeddable":true,"href":"https:\/\/www.milanobedding.it\/es\/wp-json\/wp\/v2\/users\/1"}],"replies":[{"embeddable":true,"href":"https:\/\/www.milanobedding.it\/es\/wp-json\/wp\/v2\/comments?post=64739"}],"version-history":[{"count":19,"href":"https:\/\/www.milanobedding.it\/es\/wp-json\/wp\/v2\/posts\/64739\/revisions"}],"predecessor-version":[{"id":65238,"href":"https:\/\/www.milanobedding.it\/es\/wp-json\/wp\/v2\/posts\/64739\/revisions\/65238"}],"wp:featuredmedia":[{"embeddable":true,"href":"https:\/\/www.milanobedding.it\/es\/wp-json\/wp\/v2\/media\/64673"}],"wp:attachment":[{"href":"https:\/\/www.milanobedding.it\/es\/wp-json\/wp\/v2\/media?parent=64739"}],"wp:term":[{"taxonomy":"category","embeddable":true,"href":"https:\/\/www.milanobedding.it\/es\/wp-json\/wp\/v2\/categories?post=64739"},{"taxonomy":"post_tag","embeddable":true,"href":"https:\/\/www.milanobedding.it\/es\/wp-json\/wp\/v2\/tags?post=64739"}],"curies":[{"name":"wp","href":"https:\/\/api.w.org\/{rel}","templated":true}]}}