{"id":64713,"date":"2026-09-01T07:05:04","date_gmt":"2026-09-01T07:05:04","guid":{"rendered":"https:\/\/www.milanobedding.it\/?p=64713"},"modified":"2026-09-01T07:09:49","modified_gmt":"2026-09-01T07:09:49","slug":"canape-lit-milano-bedding-salon","status":"publish","type":"post","link":"https:\/\/www.milanobedding.it\/fr\/design-fr\/canape-lit-milano-bedding-salon\/","title":{"rendered":"Le canap\u00e9-lit comme pi\u00e8ce ma\u00eetresse du salon. Les conseils de Milano Bedding sur les proportions, les compositions et les combinaisons."},"content":{"rendered":"\t\t<div data-elementor-type=\"wp-post\" data-elementor-id=\"64713\" class=\"elementor elementor-64713 elementor-64653\" data-elementor-post-type=\"post\">\n\t\t\t\t\t\t<section class=\"elementor-section elementor-top-section elementor-element elementor-element-24fdad5 elementor-section-boxed elementor-section-height-default elementor-section-height-default qodef-elementor-content-no\" data-id=\"24fdad5\" data-element_type=\"section\">\n\t\t\t\t\t\t<div class=\"elementor-container elementor-column-gap-default\">\n\t\t\t\t\t<div class=\"elementor-column elementor-col-100 elementor-top-column elementor-element elementor-element-08997b5\" data-id=\"08997b5\" data-element_type=\"column\">\n\t\t\t<div class=\"elementor-widget-wrap elementor-element-populated\">\n\t\t\t\t\t\t<div class=\"elementor-element elementor-element-c9a1885 elementor-widget elementor-widget-spacer\" data-id=\"c9a1885\" data-element_type=\"widget\" data-widget_type=\"spacer.default\">\n\t\t\t\t<div class=\"elementor-widget-container\">\n\t\t\t\t\t\t\t<div class=\"elementor-spacer\">\n\t\t\t<div class=\"elementor-spacer-inner\"><\/div>\n\t\t<\/div>\n\t\t\t\t\t\t<\/div>\n\t\t\t\t<\/div>\n\t\t\t\t\t<\/div>\n\t\t<\/div>\n\t\t\t\t\t<\/div>\n\t\t<\/section>\n\t\t\t\t<section class=\"elementor-section elementor-top-section elementor-element elementor-element-d6ab8d6 elementor-section-boxed elementor-section-height-default elementor-section-height-default qodef-elementor-content-no\" data-id=\"d6ab8d6\" data-element_type=\"section\">\n\t\t\t\t\t\t<div class=\"elementor-container elementor-column-gap-default\">\n\t\t\t\t\t<div class=\"elementor-column elementor-col-50 elementor-top-column elementor-element elementor-element-cc2d333\" data-id=\"cc2d333\" data-element_type=\"column\">\n\t\t\t<div class=\"elementor-widget-wrap elementor-element-populated\">\n\t\t\t\t\t\t<div class=\"elementor-element elementor-element-999fa8c elementor-widget elementor-widget-heading\" data-id=\"999fa8c\" data-element_type=\"widget\" data-widget_type=\"heading.default\">\n\t\t\t\t<div class=\"elementor-widget-container\">\n\t\t\t\t\t<h3 class=\"elementor-heading-title elementor-size-default\">Stile, modularit\u00e0 e accostamenti studiati da Milano Bedding per valorizzare il divano letto e creare un soggiorno accogliente, funzionale e armonioso.<\/h3>\t\t\t\t<\/div>\n\t\t\t\t<\/div>\n\t\t\t\t<div class=\"elementor-element elementor-element-f02be73 elementor-widget elementor-widget-text-editor\" data-id=\"f02be73\" data-element_type=\"widget\" data-widget_type=\"text-editor.default\">\n\t\t\t\t<div class=\"elementor-widget-container\">\n\t\t\t\t\t\t\t\t\t<p lang=\"it-IT\">Il soggiorno \u00e8 sempre pi\u00f9 uno spazio multifunzionale, dedicato al relax, alla convivialit\u00e0 e, quando necessario, anche all&rsquo;ospitalit\u00e0. In questo contesto, le soluzioni <a href=\"https:\/\/www.milanobedding.it\/\">Milano Bedding<\/a> dimostrano come il <strong>divano letto<\/strong> non sia pi\u00f9 una semplice risposta pratica alle esigenze di spazio, ma un elemento d&rsquo;arredo capace di definire lo stile dell&rsquo;ambiente e diventare il vero protagonista del living.<\/p><p lang=\"it-IT\">\u00a0<\/p>\t\t\t\t\t\t\t\t<\/div>\n\t\t\t\t<\/div>\n\t\t\t\t\t<\/div>\n\t\t<\/div>\n\t\t\t\t<div class=\"elementor-column elementor-col-50 elementor-top-column elementor-element elementor-element-b4ca930\" data-id=\"b4ca930\" data-element_type=\"column\">\n\t\t\t<div class=\"elementor-widget-wrap elementor-element-populated\">\n\t\t\t\t\t\t<div class=\"elementor-element elementor-element-d545339 elementor-widget elementor-widget-image\" data-id=\"d545339\" data-element_type=\"widget\" data-widget_type=\"image.default\">\n\t\t\t\t<div class=\"elementor-widget-container\">\n\t\t\t\t\t\t\t\t\t\t\t\t<figure class=\"wp-caption\">\n\t\t\t\t\t\t\t\t\t\t\t<a href=\"https:\/\/www.milanobedding.it\/fr\/portfolio-item\/kirk\/\">\n\t\t\t\t\t\t\t<img fetchpriority=\"high\" decoding=\"async\" width=\"724\" height=\"1024\" src=\"https:\/\/www.milanobedding.it\/nw\/wp-content\/uploads\/2026\/05\/KIRK_G1-724x1024.jpg\" class=\"attachment-large size-large wp-image-62943\" alt=\"\" srcset=\"https:\/\/www.milanobedding.it\/nw\/wp-content\/uploads\/2026\/05\/KIRK_G1-724x1024.jpg 724w, https:\/\/www.milanobedding.it\/nw\/wp-content\/uploads\/2026\/05\/KIRK_G1-212x300.jpg 212w, https:\/\/www.milanobedding.it\/nw\/wp-content\/uploads\/2026\/05\/KIRK_G1-768x1086.jpg 768w, https:\/\/www.milanobedding.it\/nw\/wp-content\/uploads\/2026\/05\/KIRK_G1-1086x1536.jpg 1086w, https:\/\/www.milanobedding.it\/nw\/wp-content\/uploads\/2026\/05\/KIRK_G1-1448x2048.jpg 1448w, https:\/\/www.milanobedding.it\/nw\/wp-content\/uploads\/2026\/05\/KIRK_G1-scaled.jpg 1810w\" sizes=\"(max-width: 724px) 100vw, 724px\" \/>\t\t\t\t\t\t\t\t<\/a>\n\t\t\t\t\t\t\t\t\t\t\t<figcaption class=\"widget-image-caption wp-caption-text\">Kirk, design Karim Rashid<\/figcaption>\n\t\t\t\t\t\t\t\t\t\t<\/figure>\n\t\t\t\t\t\t\t\t\t<\/div>\n\t\t\t\t<\/div>\n\t\t\t\t\t<\/div>\n\t\t<\/div>\n\t\t\t\t\t<\/div>\n\t\t<\/section>\n\t\t\t\t<section class=\"elementor-section elementor-top-section elementor-element elementor-element-0c682e6 elementor-section-boxed elementor-section-height-default elementor-section-height-default qodef-elementor-content-no\" data-id=\"0c682e6\" data-element_type=\"section\">\n\t\t\t\t\t\t<div class=\"elementor-container elementor-column-gap-default\">\n\t\t\t\t\t<div class=\"elementor-column elementor-col-100 elementor-top-column elementor-element elementor-element-3bb8011\" data-id=\"3bb8011\" data-element_type=\"column\">\n\t\t\t<div class=\"elementor-widget-wrap elementor-element-populated\">\n\t\t\t\t\t\t<div class=\"elementor-element elementor-element-95fa938 elementor-widget elementor-widget-text-editor\" data-id=\"95fa938\" data-element_type=\"widget\" data-widget_type=\"text-editor.default\">\n\t\t\t\t<div class=\"elementor-widget-container\">\n\t\t\t\t\t\t\t\t\t<p><span style=\"color: #000000;\">Grazie all&rsquo;evoluzione del design e della tecnologia, i moderni <strong>divani trasformabili<\/strong> <a style=\"color: #000000;\" href=\"https:\/\/www.milanobedding.it\/\">Milano Bedding<\/a> uniscono estetica, comfort e funzionalit\u00e0, offrendo la stessa qualit\u00e0 visiva e progettuale di un divano tradizionale. Per valorizzarli al meglio \u00e8 importante prestare attenzione alle proporzioni, anche nel caso di divani modulari, alla composizione dello spazio e agli abbinamenti con gli altri arredi.<\/span><\/p>\t\t\t\t\t\t\t\t<\/div>\n\t\t\t\t<\/div>\n\t\t\t\t\t<\/div>\n\t\t<\/div>\n\t\t\t\t\t<\/div>\n\t\t<\/section>\n\t\t\t\t<section class=\"elementor-section elementor-top-section elementor-element elementor-element-b3e6f52 elementor-section-boxed elementor-section-height-default elementor-section-height-default qodef-elementor-content-no\" data-id=\"b3e6f52\" data-element_type=\"section\">\n\t\t\t\t\t\t<div class=\"elementor-container elementor-column-gap-default\">\n\t\t\t\t\t<div class=\"elementor-column elementor-col-100 elementor-top-column elementor-element elementor-element-fd112dd\" data-id=\"fd112dd\" data-element_type=\"column\">\n\t\t\t<div class=\"elementor-widget-wrap elementor-element-populated\">\n\t\t\t\t\t\t<div class=\"elementor-element elementor-element-9936df6 elementor-widget elementor-widget-text-editor\" data-id=\"9936df6\" data-element_type=\"widget\" data-widget_type=\"text-editor.default\">\n\t\t\t\t<div class=\"elementor-widget-container\">\n\t\t\t\t\t\t\t\t\t<h3 class=\"elementor-heading-title elementor-size-default elementor-inline-editing pen\" style=\"background: 0px 0px #ffffff; line-height: 1.2em;\" data-elementor-setting-key=\"title\" data-pen-placeholder=\"Digita qui...\"><strong>Le giuste proporzioni per un\u00a0<\/strong><strong>divano letto<\/strong><strong> protagonista del living<\/strong><\/h3><p lang=\"it-IT\">La scelta delle dimensioni del divano \u00e8 fondamentale per creare un ambiente armonioso.<\/p><p lang=\"it-IT\">In soggiorni ampi, un divano letto dal formato generoso pu\u00f2 diventare il punto focale della stanza, organizzando naturalmente la disposizione degli altri elementi. In ambienti pi\u00f9 contenuti, \u00e8 preferibile orientarsi verso modelli che ottimizzano lo spazio senza rinunciare al comfort.<\/p>\t\t\t\t\t\t\t\t<\/div>\n\t\t\t\t<\/div>\n\t\t\t\t\t<\/div>\n\t\t<\/div>\n\t\t\t\t\t<\/div>\n\t\t<\/section>\n\t\t\t\t<section class=\"elementor-section elementor-top-section elementor-element elementor-element-f5c400b elementor-section-boxed elementor-section-height-default elementor-section-height-default qodef-elementor-content-no\" data-id=\"f5c400b\" data-element_type=\"section\">\n\t\t\t\t\t\t<div class=\"elementor-container elementor-column-gap-default\">\n\t\t\t\t\t<div class=\"elementor-column elementor-col-50 elementor-top-column elementor-element elementor-element-8e25204\" data-id=\"8e25204\" data-element_type=\"column\">\n\t\t\t<div class=\"elementor-widget-wrap elementor-element-populated\">\n\t\t\t\t\t\t<div class=\"elementor-element elementor-element-56d6f0c elementor-widget elementor-widget-text-editor\" data-id=\"56d6f0c\" data-element_type=\"widget\" data-widget_type=\"text-editor.default\">\n\t\t\t\t<div class=\"elementor-widget-container\">\n\t\t\t\t\t\t\t\t\t<p><span style=\"color: #000000;\">Un esempio \u00e8\u00a0<a style=\"color: #000000;\" href=\"https:\/\/www.milanobedding.it\/portfolio-item\/kirk\/\" data-wplink-edit=\"true\"><strong>Kirk<\/strong><\/a><strong>, il\u00a0<\/strong><strong>divano letto<\/strong><strong>\u00a0firmato da Karim Rashid<\/strong>\u00a0per\u00a0<a style=\"color: #000000;\" href=\"https:\/\/www.milanobedding.it\/\">Milano Bedding<\/a>\u00a0e presentato al Salone del Mobile.Milano di aprile. Ispirato all&rsquo;energia libera del jazz e caratterizzato dalle forme fluide tipiche del linguaggio progettuale di Rashid, Kirk interpreta il concetto di living con un&rsquo;<strong>estetica morbida, dinamica e fortemente identitaria<\/strong>. Le sue linee conferiscono personalit\u00e0 all&rsquo;ambiente, mentre la particolare\u00a0<strong>dormita trasversale<\/strong>\u00a0consente di ridurre lo spazio necessario all&rsquo;apertura del letto, favorendo una gestione pi\u00f9 efficiente del soggiorno. Grazie a questo equilibrio tra ricerca estetica e funzionalit\u00e0, il divano trasformabile\u00a0<a style=\"color: #000000;\" href=\"https:\/\/www.milanobedding.it\/portfolio-item\/kirk\/\" target=\"_blank\" rel=\"noopener\">Kirk\u00a0<\/a>si inserisce con naturalezza negli spazi, diventando un vero elemento d&rsquo;arredo capace di catturare l&rsquo;attenzione senza appesantire l&rsquo;insieme.<\/span><\/p>\t\t\t\t\t\t\t\t<\/div>\n\t\t\t\t<\/div>\n\t\t\t\t\t<\/div>\n\t\t<\/div>\n\t\t\t\t<div class=\"elementor-column elementor-col-50 elementor-top-column elementor-element elementor-element-d8fab68\" data-id=\"d8fab68\" data-element_type=\"column\">\n\t\t\t<div class=\"elementor-widget-wrap elementor-element-populated\">\n\t\t\t\t\t\t<div class=\"elementor-element elementor-element-c93d573 elementor-widget elementor-widget-image\" data-id=\"c93d573\" data-element_type=\"widget\" data-widget_type=\"image.default\">\n\t\t\t\t<div class=\"elementor-widget-container\">\n\t\t\t\t\t\t\t\t\t\t\t\t<figure class=\"wp-caption\">\n\t\t\t\t\t\t\t\t\t\t\t<a href=\"https:\/\/www.milanobedding.it\/fr\/portfolio-item\/kirk\/\">\n\t\t\t\t\t\t\t<img decoding=\"async\" width=\"724\" height=\"1024\" src=\"https:\/\/www.milanobedding.it\/nw\/wp-content\/uploads\/2026\/05\/KIRK_N1-724x1024.jpg\" class=\"attachment-large size-large wp-image-62929\" alt=\"\" srcset=\"https:\/\/www.milanobedding.it\/nw\/wp-content\/uploads\/2026\/05\/KIRK_N1-724x1024.jpg 724w, https:\/\/www.milanobedding.it\/nw\/wp-content\/uploads\/2026\/05\/KIRK_N1-212x300.jpg 212w, https:\/\/www.milanobedding.it\/nw\/wp-content\/uploads\/2026\/05\/KIRK_N1-768x1086.jpg 768w, https:\/\/www.milanobedding.it\/nw\/wp-content\/uploads\/2026\/05\/KIRK_N1-1086x1536.jpg 1086w, https:\/\/www.milanobedding.it\/nw\/wp-content\/uploads\/2026\/05\/KIRK_N1-1448x2048.jpg 1448w, https:\/\/www.milanobedding.it\/nw\/wp-content\/uploads\/2026\/05\/KIRK_N1-scaled.jpg 1810w\" sizes=\"(max-width: 724px) 100vw, 724px\" \/>\t\t\t\t\t\t\t\t<\/a>\n\t\t\t\t\t\t\t\t\t\t\t<figcaption class=\"widget-image-caption wp-caption-text\">Kirk, designKarim Rashid<\/figcaption>\n\t\t\t\t\t\t\t\t\t\t<\/figure>\n\t\t\t\t\t\t\t\t\t<\/div>\n\t\t\t\t<\/div>\n\t\t\t\t<div class=\"elementor-element elementor-element-0bec9ae elementor-align-center elementor-widget elementor-widget-button\" data-id=\"0bec9ae\" data-element_type=\"widget\" data-widget_type=\"button.default\">\n\t\t\t\t<div class=\"elementor-widget-container\">\n\t\t\t\t\t\t\t\t\t<div class=\"elementor-button-wrapper\">\n\t\t\t\t\t<a class=\"elementor-button elementor-button-link elementor-size-sm\" href=\"https:\/\/www.milanobedding.it\/fr\/portfolio-item\/kirk\/\">\n\t\t\t\t\t\t<span class=\"elementor-button-content-wrapper\">\n\t\t\t\t\t\t\t\t\t<span class=\"elementor-button-text\">Scopri Kirk<\/span>\n\t\t\t\t\t<\/span>\n\t\t\t\t\t<\/a>\n\t\t\t\t<\/div>\n\t\t\t\t\t\t\t\t<\/div>\n\t\t\t\t<\/div>\n\t\t\t\t\t<\/div>\n\t\t<\/div>\n\t\t\t\t\t<\/div>\n\t\t<\/section>\n\t\t\t\t<section class=\"elementor-section elementor-top-section elementor-element elementor-element-c439ab0 elementor-section-boxed elementor-section-height-default elementor-section-height-default qodef-elementor-content-no\" data-id=\"c439ab0\" data-element_type=\"section\">\n\t\t\t\t\t\t<div class=\"elementor-container elementor-column-gap-default\">\n\t\t\t\t\t<div class=\"elementor-column elementor-col-100 elementor-top-column elementor-element elementor-element-c155d8b\" data-id=\"c155d8b\" data-element_type=\"column\">\n\t\t\t<div class=\"elementor-widget-wrap elementor-element-populated\">\n\t\t\t\t\t\t<div class=\"elementor-element elementor-element-a7ad641 elementor-widget elementor-widget-text-editor\" data-id=\"a7ad641\" data-element_type=\"widget\" data-widget_type=\"text-editor.default\">\n\t\t\t\t<div class=\"elementor-widget-container\">\n\t\t\t\t\t\t\t\t\t<h3 class=\"elementor-heading-title elementor-size-default elementor-inline-editing pen\" contenteditable=\"true\" data-elementor-setting-key=\"title\" data-pen-placeholder=\"Digita qui...\"><strong>Il\u00a0<\/strong><strong>divano trasformabile<\/strong><strong> tra estetica e funzionalit\u00e0<\/strong><\/h3><p lang=\"it-IT\"><span style=\"color: #000000;\">Quando il divano letto assume il ruolo di protagonista, l&rsquo;intera composizione del living dovrebbe svilupparsi intorno ad esso.<\/span><\/p><p lang=\"it-IT\"><span style=\"color: #000000;\">Tavolini, librerie, lampade e complementi devono dialogare con il divano creando equilibrio visivo e continuit\u00e0. \u00c8 importante lasciare adeguati spazi di passaggio e considerare sempre l&rsquo;eventuale apertura del letto, cos\u00ec da preservare la funzionalit\u00e0 quotidiana dell&rsquo;ambiente.<\/span><\/p><p lang=\"it-IT\"><span style=\"color: #000000;\">Le soluzioni di divani trasformabili modulari rappresentano una scelta particolarmente interessante, perch\u00e9 permettono di adattare il soggiorno alle diverse esigenze abitative.<a href=\"https:\/\/www.milanobedding.it\/portfolio-item\/foster\/\">\u00a0<strong>Foster<\/strong><\/a><strong>, progettato da Christophe Pillet<\/strong>\u00a0per Milano Bedding \u2013 novit\u00e0 del Salone del Mobile.Milano 2026 \u2013, interpreta perfettamente questo concetto. Grazie alla possibilit\u00e0 di creare configurazioni lineari, angolari o con penisola, consente di costruire composizioni personalizzate mantenendo una forte coerenza estetica. La sua natura di\u00a0<strong>divano modulare<\/strong>\u00a0permette infatti di organizzare la stanza in modo flessibile, definendo aree dedicate alla conversazione, al relax o all&rsquo;accoglienza degli ospiti. La\u00a0<strong>struttura bassa<\/strong>, la\u00a0<strong>seduta profonda<\/strong>\u00a0e le\u00a0<strong>geometrie morbide<\/strong>\u00a0contribuiscono inoltre a creare una sensazione di leggerezza visiva, che valorizza anche gli spazi pi\u00f9 ampi. Pensato innanzitutto come un vero divano di design, Foster si integra con naturalezza nell&rsquo;architettura dell&rsquo;ambiente, celando con discrezione la sua funzione di letto e offrendo un perfetto equilibrio tra eleganza, comfort e praticit\u00e0. Una soluzione ideale per chi desidera un divano modulare capace di adattarsi all&rsquo;evoluzione degli spazi abitativi.<\/span><\/p>\t\t\t\t\t\t\t\t<\/div>\n\t\t\t\t<\/div>\n\t\t\t\t\t<\/div>\n\t\t<\/div>\n\t\t\t\t\t<\/div>\n\t\t<\/section>\n\t\t\t\t<section class=\"elementor-section elementor-top-section elementor-element elementor-element-018d2fa elementor-section-boxed elementor-section-height-default elementor-section-height-default qodef-elementor-content-no\" data-id=\"018d2fa\" data-element_type=\"section\">\n\t\t\t\t\t\t<div class=\"elementor-container elementor-column-gap-default\">\n\t\t\t\t\t<div class=\"elementor-column elementor-col-100 elementor-top-column elementor-element elementor-element-e1fc4ac\" data-id=\"e1fc4ac\" data-element_type=\"column\">\n\t\t\t<div class=\"elementor-widget-wrap elementor-element-populated\">\n\t\t\t\t\t\t<div class=\"elementor-element elementor-element-84ff0d9 elementor-widget elementor-widget-image\" data-id=\"84ff0d9\" data-element_type=\"widget\" data-widget_type=\"image.default\">\n\t\t\t\t<div class=\"elementor-widget-container\">\n\t\t\t\t\t\t\t\t\t\t\t\t<figure class=\"wp-caption\">\n\t\t\t\t\t\t\t\t\t\t\t<a href=\"https:\/\/www.milanobedding.it\/fr\/portfolio-item\/foster\/\">\n\t\t\t\t\t\t\t<img decoding=\"async\" width=\"1024\" height=\"724\" src=\"https:\/\/www.milanobedding.it\/nw\/wp-content\/uploads\/2026\/04\/Milano-Bedding_Foster-amb2-1024x724.jpg\" class=\"attachment-large size-large wp-image-62324\" alt=\"\" srcset=\"https:\/\/www.milanobedding.it\/nw\/wp-content\/uploads\/2026\/04\/Milano-Bedding_Foster-amb2-1024x724.jpg 1024w, https:\/\/www.milanobedding.it\/nw\/wp-content\/uploads\/2026\/04\/Milano-Bedding_Foster-amb2-300x212.jpg 300w, https:\/\/www.milanobedding.it\/nw\/wp-content\/uploads\/2026\/04\/Milano-Bedding_Foster-amb2-768x543.jpg 768w, https:\/\/www.milanobedding.it\/nw\/wp-content\/uploads\/2026\/04\/Milano-Bedding_Foster-amb2-1536x1086.jpg 1536w, https:\/\/www.milanobedding.it\/nw\/wp-content\/uploads\/2026\/04\/Milano-Bedding_Foster-amb2.jpg 1920w\" sizes=\"(max-width: 1024px) 100vw, 1024px\" \/>\t\t\t\t\t\t\t\t<\/a>\n\t\t\t\t\t\t\t\t\t\t\t<figcaption class=\"widget-image-caption wp-caption-text\">Foster, design Christophe Pillet<\/figcaption>\n\t\t\t\t\t\t\t\t\t\t<\/figure>\n\t\t\t\t\t\t\t\t\t<\/div>\n\t\t\t\t<\/div>\n\t\t\t\t\t<\/div>\n\t\t<\/div>\n\t\t\t\t\t<\/div>\n\t\t<\/section>\n\t\t\t\t<section class=\"elementor-section elementor-top-section elementor-element elementor-element-49a375e elementor-section-boxed elementor-section-height-default elementor-section-height-default qodef-elementor-content-no\" data-id=\"49a375e\" data-element_type=\"section\">\n\t\t\t\t\t\t<div class=\"elementor-container elementor-column-gap-default\">\n\t\t\t\t\t<div class=\"elementor-column elementor-col-100 elementor-top-column elementor-element elementor-element-90ab5cb\" data-id=\"90ab5cb\" data-element_type=\"column\">\n\t\t\t<div class=\"elementor-widget-wrap elementor-element-populated\">\n\t\t\t\t\t\t<div class=\"elementor-element elementor-element-8c0488c elementor-align-center elementor-widget elementor-widget-button\" data-id=\"8c0488c\" data-element_type=\"widget\" data-widget_type=\"button.default\">\n\t\t\t\t<div class=\"elementor-widget-container\">\n\t\t\t\t\t\t\t\t\t<div class=\"elementor-button-wrapper\">\n\t\t\t\t\t<a class=\"elementor-button elementor-button-link elementor-size-sm\" href=\"https:\/\/www.milanobedding.it\/fr\/portfolio-item\/foster\/\">\n\t\t\t\t\t\t<span class=\"elementor-button-content-wrapper\">\n\t\t\t\t\t\t\t\t\t<span class=\"elementor-button-text\">Scopri Foster<\/span>\n\t\t\t\t\t<\/span>\n\t\t\t\t\t<\/a>\n\t\t\t\t<\/div>\n\t\t\t\t\t\t\t\t<\/div>\n\t\t\t\t<\/div>\n\t\t\t\t\t<\/div>\n\t\t<\/div>\n\t\t\t\t\t<\/div>\n\t\t<\/section>\n\t\t\t\t<section class=\"elementor-section elementor-top-section elementor-element elementor-element-fb180cd elementor-section-boxed elementor-section-height-default elementor-section-height-default qodef-elementor-content-no\" data-id=\"fb180cd\" data-element_type=\"section\">\n\t\t\t\t\t\t<div class=\"elementor-container elementor-column-gap-default\">\n\t\t\t\t\t<div class=\"elementor-column elementor-col-100 elementor-top-column elementor-element elementor-element-d1d7c98\" data-id=\"d1d7c98\" data-element_type=\"column\">\n\t\t\t<div class=\"elementor-widget-wrap elementor-element-populated\">\n\t\t\t\t\t\t<div class=\"elementor-element elementor-element-99dfcc7 elementor-widget elementor-widget-heading\" data-id=\"99dfcc7\" data-element_type=\"widget\" data-widget_type=\"heading.default\">\n\t\t\t\t<div class=\"elementor-widget-container\">\n\t\t\t\t\t<h3 class=\"elementor-heading-title elementor-size-default\">Abbinare il divano letto agli altri arredi<\/h3>\t\t\t\t<\/div>\n\t\t\t\t<\/div>\n\t\t\t\t<div class=\"elementor-element elementor-element-50412f1 elementor-widget elementor-widget-text-editor\" data-id=\"50412f1\" data-element_type=\"widget\" data-widget_type=\"text-editor.default\">\n\t\t\t\t<div class=\"elementor-widget-container\">\n\t\t\t\t\t\t\t\t\t<p lang=\"it-IT\">Quando si tratta di arredare il soggiorno, la scelta del divano letto e dei complementi gioca un ruolo fondamentale nella definizione dell&rsquo;equilibrio complessivo dello spazio. Per rendere il divano trasformabile il centro del living senza creare eccessi, \u00e8 utile lavorare per armonia e contrasti misurati.<\/p><p lang=\"it-IT\"><strong>I <a href=\"https:\/\/www.milanobedding.it\/tessuti-milanobedding\/\">rivestimenti<\/a> giocano un ruolo fondamentale<\/strong>: tessuti materici, colori neutri e tonalit\u00e0 naturali permettono di costruire ambienti eleganti e senza tempo. In alternativa, il divano pu\u00f2 diventare un elemento distintivo attraverso <b>finiture<\/b>,<b> texture<\/b> o<b> dettagli<\/b> capaci di catturare lo sguardo. In questo senso, la disponibilit\u00e0 di numerosi rivestimenti in vari materiali proposti da <a href=\"https:\/\/www.milanobedding.it\/\">Milano Bedding<\/a> offre una notevole libert\u00e0 compositiva. Questo permette di interpretare stili e atmosfere differenti, senza rinunciare all&rsquo;equilibrio complessivo della stanza.<\/p><p lang=\"it-IT\">Anche la scelta di altri complementi d&rsquo;arredo contribuisce a definire l&rsquo;ambiente. Tavolini e tappeti, che delimitano l&rsquo;area conversazione e illuminazione decorativa, aiutano a valorizzare il divano senza sottrargli centralit\u00e0. L&rsquo;obiettivo \u00e8 creare un insieme coerente in cui ogni elemento partecipa a rafforzare il carattere dello spazio.<\/p>\t\t\t\t\t\t\t\t<\/div>\n\t\t\t\t<\/div>\n\t\t\t\t\t<\/div>\n\t\t<\/div>\n\t\t\t\t\t<\/div>\n\t\t<\/section>\n\t\t\t\t<section class=\"elementor-section elementor-top-section elementor-element elementor-element-840c977 elementor-section-boxed elementor-section-height-default elementor-section-height-default qodef-elementor-content-no\" data-id=\"840c977\" data-element_type=\"section\">\n\t\t\t\t\t\t<div class=\"elementor-container elementor-column-gap-default\">\n\t\t\t\t\t<div class=\"elementor-column elementor-col-33 elementor-top-column elementor-element elementor-element-f0a1d89\" data-id=\"f0a1d89\" data-element_type=\"column\">\n\t\t\t<div class=\"elementor-widget-wrap elementor-element-populated\">\n\t\t\t\t\t\t<div class=\"elementor-element elementor-element-1f929c8 elementor-widget elementor-widget-image\" data-id=\"1f929c8\" data-element_type=\"widget\" data-widget_type=\"image.default\">\n\t\t\t\t<div class=\"elementor-widget-container\">\n\t\t\t\t\t\t\t\t\t\t\t\t\t\t\t<img loading=\"lazy\" decoding=\"async\" width=\"724\" height=\"1024\" src=\"https:\/\/www.milanobedding.it\/nw\/wp-content\/uploads\/2026\/05\/KIRK_G2-724x1024.jpg\" class=\"attachment-large size-large wp-image-62950\" alt=\"\" srcset=\"https:\/\/www.milanobedding.it\/nw\/wp-content\/uploads\/2026\/05\/KIRK_G2-724x1024.jpg 724w, https:\/\/www.milanobedding.it\/nw\/wp-content\/uploads\/2026\/05\/KIRK_G2-212x300.jpg 212w, https:\/\/www.milanobedding.it\/nw\/wp-content\/uploads\/2026\/05\/KIRK_G2-768x1086.jpg 768w, https:\/\/www.milanobedding.it\/nw\/wp-content\/uploads\/2026\/05\/KIRK_G2-1086x1536.jpg 1086w, https:\/\/www.milanobedding.it\/nw\/wp-content\/uploads\/2026\/05\/KIRK_G2-1448x2048.jpg 1448w, https:\/\/www.milanobedding.it\/nw\/wp-content\/uploads\/2026\/05\/KIRK_G2-scaled.jpg 1810w\" sizes=\"(max-width: 724px) 100vw, 724px\" \/>\t\t\t\t\t\t\t\t\t\t\t\t\t\t\t<\/div>\n\t\t\t\t<\/div>\n\t\t\t\t\t<\/div>\n\t\t<\/div>\n\t\t\t\t<div class=\"elementor-column elementor-col-33 elementor-top-column elementor-element elementor-element-9b6ccd4\" data-id=\"9b6ccd4\" data-element_type=\"column\">\n\t\t\t<div class=\"elementor-widget-wrap elementor-element-populated\">\n\t\t\t\t\t\t<div class=\"elementor-element elementor-element-729bac3 elementor-widget elementor-widget-image\" data-id=\"729bac3\" data-element_type=\"widget\" data-widget_type=\"image.default\">\n\t\t\t\t<div class=\"elementor-widget-container\">\n\t\t\t\t\t\t\t\t\t\t\t\t\t\t\t<img loading=\"lazy\" decoding=\"async\" width=\"819\" height=\"1024\" src=\"https:\/\/www.milanobedding.it\/nw\/wp-content\/uploads\/2026\/07\/46-819x1024.jpg\" class=\"attachment-large size-large wp-image-64682\" alt=\"\" srcset=\"https:\/\/www.milanobedding.it\/nw\/wp-content\/uploads\/2026\/07\/46-819x1024.jpg 819w, https:\/\/www.milanobedding.it\/nw\/wp-content\/uploads\/2026\/07\/46-240x300.jpg 240w, https:\/\/www.milanobedding.it\/nw\/wp-content\/uploads\/2026\/07\/46-768x960.jpg 768w, https:\/\/www.milanobedding.it\/nw\/wp-content\/uploads\/2026\/07\/46.jpg 1200w\" sizes=\"(max-width: 819px) 100vw, 819px\" \/>\t\t\t\t\t\t\t\t\t\t\t\t\t\t\t<\/div>\n\t\t\t\t<\/div>\n\t\t\t\t\t<\/div>\n\t\t<\/div>\n\t\t\t\t<div class=\"elementor-column elementor-col-33 elementor-top-column elementor-element elementor-element-fb25413\" data-id=\"fb25413\" data-element_type=\"column\">\n\t\t\t<div class=\"elementor-widget-wrap elementor-element-populated\">\n\t\t\t\t\t\t<div class=\"elementor-element elementor-element-5274ccc elementor-widget elementor-widget-image\" data-id=\"5274ccc\" data-element_type=\"widget\" data-widget_type=\"image.default\">\n\t\t\t\t<div class=\"elementor-widget-container\">\n\t\t\t\t\t\t\t\t\t\t\t\t\t\t\t<img loading=\"lazy\" decoding=\"async\" width=\"202\" height=\"315\" src=\"https:\/\/www.milanobedding.it\/nw\/wp-content\/uploads\/2022\/06\/zz_moonlr.png\" class=\"attachment-large size-large wp-image-56336\" alt=\"\" srcset=\"https:\/\/www.milanobedding.it\/nw\/wp-content\/uploads\/2022\/06\/zz_moonlr.png 202w, https:\/\/www.milanobedding.it\/nw\/wp-content\/uploads\/2022\/06\/zz_moonlr-192x300.png 192w\" sizes=\"(max-width: 202px) 100vw, 202px\" \/>\t\t\t\t\t\t\t\t\t\t\t\t\t\t\t<\/div>\n\t\t\t\t<\/div>\n\t\t\t\t\t<\/div>\n\t\t<\/div>\n\t\t\t\t\t<\/div>\n\t\t<\/section>\n\t\t\t\t<section class=\"elementor-section elementor-top-section elementor-element elementor-element-38b2b50 elementor-section-boxed elementor-section-height-default elementor-section-height-default qodef-elementor-content-no\" data-id=\"38b2b50\" data-element_type=\"section\">\n\t\t\t\t\t\t<div class=\"elementor-container elementor-column-gap-default\">\n\t\t\t\t\t<div class=\"elementor-column elementor-col-100 elementor-top-column elementor-element elementor-element-fe23ae4\" data-id=\"fe23ae4\" data-element_type=\"column\">\n\t\t\t<div class=\"elementor-widget-wrap elementor-element-populated\">\n\t\t\t\t\t\t<div class=\"elementor-element elementor-element-8672367 elementor-widget elementor-widget-spacer\" data-id=\"8672367\" data-element_type=\"widget\" data-widget_type=\"spacer.default\">\n\t\t\t\t<div class=\"elementor-widget-container\">\n\t\t\t\t\t\t\t<div class=\"elementor-spacer\">\n\t\t\t<div class=\"elementor-spacer-inner\"><\/div>\n\t\t<\/div>\n\t\t\t\t\t\t<\/div>\n\t\t\t\t<\/div>\n\t\t\t\t\t<\/div>\n\t\t<\/div>\n\t\t\t\t\t<\/div>\n\t\t<\/section>\n\t\t\t\t<section class=\"elementor-section elementor-top-section elementor-element elementor-element-713c167 elementor-section-boxed elementor-section-height-default elementor-section-height-default qodef-elementor-content-no\" data-id=\"713c167\" data-element_type=\"section\">\n\t\t\t\t\t\t<div class=\"elementor-container elementor-column-gap-default\">\n\t\t\t\t\t<div class=\"elementor-column elementor-col-100 elementor-top-column elementor-element elementor-element-f94b7b5\" data-id=\"f94b7b5\" data-element_type=\"column\">\n\t\t\t<div class=\"elementor-widget-wrap elementor-element-populated\">\n\t\t\t\t\t\t<div class=\"elementor-element elementor-element-252cb6b elementor-widget elementor-widget-heading\" data-id=\"252cb6b\" data-element_type=\"widget\" data-widget_type=\"heading.default\">\n\t\t\t\t<div class=\"elementor-widget-container\">\n\t\t\t\t\t<h3 class=\"elementor-heading-title elementor-size-default\">Il fascino delle linee basse e delle sedute profonde nei divani letto<\/h3>\t\t\t\t<\/div>\n\t\t\t\t<\/div>\n\t\t\t\t<div class=\"elementor-element elementor-element-8c80525 elementor-widget elementor-widget-text-editor\" data-id=\"8c80525\" data-element_type=\"widget\" data-widget_type=\"text-editor.default\">\n\t\t\t\t<div class=\"elementor-widget-container\">\n\t\t\t\t\t\t\t\t\t<p lang=\"it-IT\">Tra le tendenze pi\u00f9 apprezzate dell&rsquo;interior design contemporaneo troviamo i divani dalle linee basse e dalle sedute generose, capaci di trasmettere immediatamente una sensazione di accoglienza.<\/p><p lang=\"it-IT\"><a href=\"https:\/\/www.milanobedding.it\/portfolio-item\/rufus\/\"><strong>Rufus<\/strong><\/a><strong>, disegnato da Christophe Pillet<\/strong>\u00a0per <a href=\"https:\/\/www.milanobedding.it\/\">Milano Bedding<\/a>, interpreta questa filosofia con una\u00a0<strong>struttura particolarmente bassa, quasi a sfiorare il pavimento, e una seduta profonda<\/strong>\u00a0definita da un unico grande cuscino. Il risultato \u00e8 un divano letto dall&rsquo;estetica essenziale ed elegante che risulta protagonista del soggiorno, pur mantenendo una presenza discreta e raffinata.<\/p><p lang=\"it-IT\">La sua capacit\u00e0 di trasformarsi facilmente in un letto confortevole dimostra come\u00a0<strong>design e funzionalit\u00e0 possano oggi convivere senza compromessi<\/strong>.<\/p>\t\t\t\t\t\t\t\t<\/div>\n\t\t\t\t<\/div>\n\t\t\t\t\t<\/div>\n\t\t<\/div>\n\t\t\t\t\t<\/div>\n\t\t<\/section>\n\t\t\t\t<section class=\"elementor-section elementor-top-section elementor-element elementor-element-4edfdf6 elementor-section-boxed elementor-section-height-default elementor-section-height-default qodef-elementor-content-no\" data-id=\"4edfdf6\" data-element_type=\"section\">\n\t\t\t\t\t\t<div class=\"elementor-container elementor-column-gap-default\">\n\t\t\t\t\t<div class=\"elementor-column elementor-col-100 elementor-top-column elementor-element elementor-element-f2a77c9\" data-id=\"f2a77c9\" data-element_type=\"column\">\n\t\t\t<div class=\"elementor-widget-wrap elementor-element-populated\">\n\t\t\t\t\t\t<div class=\"elementor-element elementor-element-ed5c3b6 elementor-widget elementor-widget-image\" data-id=\"ed5c3b6\" data-element_type=\"widget\" data-widget_type=\"image.default\">\n\t\t\t\t<div class=\"elementor-widget-container\">\n\t\t\t\t\t\t\t\t\t\t\t\t<figure class=\"wp-caption\">\n\t\t\t\t\t\t\t\t\t\t\t<a href=\"https:\/\/www.milanobedding.it\/fr\/portfolio-item\/rufus\/\">\n\t\t\t\t\t\t\t<img loading=\"lazy\" decoding=\"async\" width=\"1024\" height=\"527\" src=\"https:\/\/www.milanobedding.it\/nw\/wp-content\/uploads\/2025\/04\/rufus.jpg\" class=\"attachment-large size-large wp-image-51830\" alt=\"\" srcset=\"https:\/\/www.milanobedding.it\/nw\/wp-content\/uploads\/2025\/04\/rufus.jpg 1024w, https:\/\/www.milanobedding.it\/nw\/wp-content\/uploads\/2025\/04\/rufus-300x154.jpg 300w, https:\/\/www.milanobedding.it\/nw\/wp-content\/uploads\/2025\/04\/rufus-768x395.jpg 768w\" sizes=\"(max-width: 1024px) 100vw, 1024px\" \/>\t\t\t\t\t\t\t\t<\/a>\n\t\t\t\t\t\t\t\t\t\t\t<figcaption class=\"widget-image-caption wp-caption-text\">Rufus, design Christope Pillet<\/figcaption>\n\t\t\t\t\t\t\t\t\t\t<\/figure>\n\t\t\t\t\t\t\t\t\t<\/div>\n\t\t\t\t<\/div>\n\t\t\t\t\t<\/div>\n\t\t<\/div>\n\t\t\t\t\t<\/div>\n\t\t<\/section>\n\t\t\t\t<section class=\"elementor-section elementor-top-section elementor-element elementor-element-3d01b80 elementor-section-boxed elementor-section-height-default elementor-section-height-default qodef-elementor-content-no\" data-id=\"3d01b80\" data-element_type=\"section\">\n\t\t\t\t\t\t<div class=\"elementor-container elementor-column-gap-default\">\n\t\t\t\t\t<div class=\"elementor-column elementor-col-100 elementor-top-column elementor-element elementor-element-161075f\" data-id=\"161075f\" data-element_type=\"column\">\n\t\t\t<div class=\"elementor-widget-wrap elementor-element-populated\">\n\t\t\t\t\t\t<div class=\"elementor-element elementor-element-a41eeec elementor-align-center elementor-widget elementor-widget-button\" data-id=\"a41eeec\" data-element_type=\"widget\" data-widget_type=\"button.default\">\n\t\t\t\t<div class=\"elementor-widget-container\">\n\t\t\t\t\t\t\t\t\t<div class=\"elementor-button-wrapper\">\n\t\t\t\t\t<a class=\"elementor-button elementor-button-link elementor-size-sm\" href=\"https:\/\/www.milanobedding.it\/fr\/portfolio-item\/rufus\/\">\n\t\t\t\t\t\t<span class=\"elementor-button-content-wrapper\">\n\t\t\t\t\t\t\t\t\t<span class=\"elementor-button-text\">Scopri Rufus<\/span>\n\t\t\t\t\t<\/span>\n\t\t\t\t\t<\/a>\n\t\t\t\t<\/div>\n\t\t\t\t\t\t\t\t<\/div>\n\t\t\t\t<\/div>\n\t\t\t\t\t<\/div>\n\t\t<\/div>\n\t\t\t\t\t<\/div>\n\t\t<\/section>\n\t\t\t\t<section class=\"elementor-section elementor-top-section elementor-element elementor-element-63e4bd3 elementor-section-boxed elementor-section-height-default elementor-section-height-default qodef-elementor-content-no\" data-id=\"63e4bd3\" data-element_type=\"section\">\n\t\t\t\t\t\t<div class=\"elementor-container elementor-column-gap-default\">\n\t\t\t\t\t<div class=\"elementor-column elementor-col-100 elementor-top-column elementor-element elementor-element-3a23f49\" data-id=\"3a23f49\" data-element_type=\"column\">\n\t\t\t<div class=\"elementor-widget-wrap elementor-element-populated\">\n\t\t\t\t\t\t<div class=\"elementor-element elementor-element-e555ede elementor-widget elementor-widget-heading\" data-id=\"e555ede\" data-element_type=\"widget\" data-widget_type=\"heading.default\">\n\t\t\t\t<div class=\"elementor-widget-container\">\n\t\t\t\t\t<h3 class=\"elementor-heading-title elementor-size-default\">Funzionalit\u00e0 evoluta ed eleganza senza tempo nei divani trasformabili<\/h3>\t\t\t\t<\/div>\n\t\t\t\t<\/div>\n\t\t\t\t<div class=\"elementor-element elementor-element-2dae530 elementor-widget elementor-widget-text-editor\" data-id=\"2dae530\" data-element_type=\"widget\" data-widget_type=\"text-editor.default\">\n\t\t\t\t<div class=\"elementor-widget-container\">\n\t\t\t\t\t\t\t\t\t<p lang=\"it-IT\">Scegliere un divano letto come elemento centrale del living significa ripensare il concetto stesso di funzionalit\u00e0. Non pi\u00f9 un arredo secondario destinato ad ospiti occasionali ma un protagonista capace di definire l&rsquo;identit\u00e0 dello spazio e accompagnare la vita quotidiana.<\/p><p lang=\"it-IT\">Che si tratti delle forme organiche di Kirk, della modularit\u00e0 di Foster o dell&rsquo;eleganza essenziale di Rufus,\u00a0<strong>i\u00a0<\/strong><strong>divani letto <a href=\"https:\/\/www.milanobedding.it\/\">Milano Bedding<\/a><\/strong><strong>\u00a0dimostrano come sia possibile coniugare design, comfort e praticit\u00e0 in un&rsquo;unica soluzione<\/strong>. Un equilibrio che rende il soggiorno pi\u00f9 accogliente, versatile e perfettamente in sintonia con le esigenze del vivere contemporaneo.<\/p><p>Per maggiori informazioni su Milano Bedding visita\u00a0<a href=\"https:\/\/www.milanobedding.it\/\" target=\"_blank\" rel=\"noopener\">milanobedding.it<\/a>, lo<u><a href=\"https:\/\/www.milanobedding.store\/\">\u00a0store online<\/a><\/u>\u00a0oppure manda una mail a\u00a0<u><a href=\"mailto:info@milanobedding.it\">info@milanobedding.it<\/a><\/u><\/p>\t\t\t\t\t\t\t\t<\/div>\n\t\t\t\t<\/div>\n\t\t\t\t\t<\/div>\n\t\t<\/div>\n\t\t\t\t\t<\/div>\n\t\t<\/section>\n\t\t\t\t<section class=\"elementor-section elementor-top-section elementor-element elementor-element-3378a5b elementor-section-boxed elementor-section-height-default elementor-section-height-default qodef-elementor-content-no\" data-id=\"3378a5b\" data-element_type=\"section\">\n\t\t\t\t\t\t<div class=\"elementor-container elementor-column-gap-default\">\n\t\t\t\t\t<div class=\"elementor-column elementor-col-33 elementor-top-column elementor-element elementor-element-7b0930d\" data-id=\"7b0930d\" data-element_type=\"column\">\n\t\t\t<div class=\"elementor-widget-wrap elementor-element-populated\">\n\t\t\t\t\t\t<div class=\"elementor-element elementor-element-d982d73 elementor-align-center elementor-widget elementor-widget-button\" data-id=\"d982d73\" data-element_type=\"widget\" data-widget_type=\"button.default\">\n\t\t\t\t<div class=\"elementor-widget-container\">\n\t\t\t\t\t\t\t\t\t<div class=\"elementor-button-wrapper\">\n\t\t\t\t\t<a class=\"elementor-button elementor-button-link elementor-size-sm\" href=\"https:\/\/www.milanobedding.it\/fr\/\" target=\"_blank\">\n\t\t\t\t\t\t<span class=\"elementor-button-content-wrapper\">\n\t\t\t\t\t\t\t\t\t<span class=\"elementor-button-text\">MilanoBedding.it<\/span>\n\t\t\t\t\t<\/span>\n\t\t\t\t\t<\/a>\n\t\t\t\t<\/div>\n\t\t\t\t\t\t\t\t<\/div>\n\t\t\t\t<\/div>\n\t\t\t\t\t<\/div>\n\t\t<\/div>\n\t\t\t\t<div class=\"elementor-column elementor-col-33 elementor-top-column elementor-element elementor-element-31e4055\" data-id=\"31e4055\" data-element_type=\"column\">\n\t\t\t<div class=\"elementor-widget-wrap elementor-element-populated\">\n\t\t\t\t\t\t<div class=\"elementor-element elementor-element-8a56f5e elementor-align-center elementor-widget elementor-widget-button\" data-id=\"8a56f5e\" data-element_type=\"widget\" data-widget_type=\"button.default\">\n\t\t\t\t<div class=\"elementor-widget-container\">\n\t\t\t\t\t\t\t\t\t<div class=\"elementor-button-wrapper\">\n\t\t\t\t\t<a class=\"elementor-button elementor-button-link elementor-size-sm\" href=\"https:\/\/www.milanobedding.store\/\" target=\"_blank\">\n\t\t\t\t\t\t<span class=\"elementor-button-content-wrapper\">\n\t\t\t\t\t\t\t\t\t<span class=\"elementor-button-text\">Official Store<\/span>\n\t\t\t\t\t<\/span>\n\t\t\t\t\t<\/a>\n\t\t\t\t<\/div>\n\t\t\t\t\t\t\t\t<\/div>\n\t\t\t\t<\/div>\n\t\t\t\t\t<\/div>\n\t\t<\/div>\n\t\t\t\t<div class=\"elementor-column elementor-col-33 elementor-top-column elementor-element elementor-element-ef1f1cb\" data-id=\"ef1f1cb\" data-element_type=\"column\">\n\t\t\t<div class=\"elementor-widget-wrap elementor-element-populated\">\n\t\t\t\t\t\t<div class=\"elementor-element elementor-element-2d65ff7 elementor-align-center elementor-widget elementor-widget-button\" data-id=\"2d65ff7\" data-element_type=\"widget\" data-widget_type=\"button.default\">\n\t\t\t\t<div class=\"elementor-widget-container\">\n\t\t\t\t\t\t\t\t\t<div class=\"elementor-button-wrapper\">\n\t\t\t\t\t<a class=\"elementor-button elementor-button-link elementor-size-sm\" href=\"mailto:info@milanobedding.it\" target=\"_blank\">\n\t\t\t\t\t\t<span class=\"elementor-button-content-wrapper\">\n\t\t\t\t\t\t\t\t\t<span class=\"elementor-button-text\">Scrivici<\/span>\n\t\t\t\t\t<\/span>\n\t\t\t\t\t<\/a>\n\t\t\t\t<\/div>\n\t\t\t\t\t\t\t\t<\/div>\n\t\t\t\t<\/div>\n\t\t\t\t\t<\/div>\n\t\t<\/div>\n\t\t\t\t\t<\/div>\n\t\t<\/section>\n\t\t\t\t<\/div>\n\t\t","protected":false},"excerpt":{"rendered":"<p>Stile, modularit\u00e0 e accostamenti studiati da Milano Bedding per valorizzare il divano letto e creare un soggiorno accogliente, funzionale e armonioso. Il soggiorno \u00e8 sempre pi\u00f9 uno spazio multifunzionale, dedicato al relax, alla convivialit\u00e0 e, quando necessario, anche all&rsquo;ospitalit\u00e0. In questo contesto, le soluzioni Milano Bedding dimostrano come il divano letto non sia pi\u00f9 una [&hellip;]<\/p>\n","protected":false},"author":1,"featured_media":64670,"comment_status":"open","ping_status":"open","sticky":false,"template":"","format":"standard","meta":{"_acf_changed":false,"footnotes":""},"categories":[379],"tags":[391,416,487,489,490,505,542,738,757,1594,1761,1762,1763],"class_list":["post-64713","post","type-post","status-publish","format-standard","has-post-thumbnail","hentry","category-design-fr","tag-divani-letto-fr","tag-divano-letto-fr","tag-milano-bedding-fr","tag-canape","tag-canape-convertible","tag-made-in-italy-fr","tag-living-fr","tag-divani-trasformabili-fr","tag-canape-lit","tag-canape-lit-2","tag-sofa-lit","tag-couchage-transversal","tag-canapes-convertibles-modulables"],"acf":[],"yoast_head":"<!-- This site is optimized with the Yoast SEO plugin v27.0 - https:\/\/yoast.com\/product\/yoast-seo-wordpress\/ -->\n<title>Le canap\u00e9-lit de Milano Bedding comme pi\u00e8ce ma\u00eetresse du salon.<\/title>\n<meta name=\"description\" content=\"Le canap\u00e9-lit comme pi\u00e8ce ma\u00eetresse du salon. Les conseils de Milano Bedding sur les proportions, les compositions et les combinaisons.\" \/>\n<meta name=\"robots\" content=\"index, follow, max-snippet:-1, max-image-preview:large, max-video-preview:-1\" \/>\n<link rel=\"canonical\" href=\"https:\/\/www.milanobedding.it\/fr\/design-fr\/canape-lit-milano-bedding-salon\/\" \/>\n<meta property=\"og:locale\" content=\"fr_FR\" \/>\n<meta property=\"og:type\" content=\"article\" \/>\n<meta property=\"og:title\" content=\"Le canap\u00e9-lit de Milano Bedding comme pi\u00e8ce ma\u00eetresse du salon.\" \/>\n<meta property=\"og:description\" content=\"Le canap\u00e9-lit comme pi\u00e8ce ma\u00eetresse du salon. Les conseils de Milano Bedding sur les proportions, les compositions et les combinaisons.\" \/>\n<meta property=\"og:url\" content=\"https:\/\/www.milanobedding.it\/fr\/design-fr\/canape-lit-milano-bedding-salon\/\" \/>\n<meta property=\"og:site_name\" content=\"Milano Bedding\" \/>\n<meta property=\"article:publisher\" content=\"https:\/\/www.facebook.com\/milanobeddingitaly\" \/>\n<meta property=\"article:published_time\" content=\"2026-09-01T07:05:04+00:00\" \/>\n<meta property=\"article:modified_time\" content=\"2026-09-01T07:09:49+00:00\" \/>\n<meta property=\"og:image\" content=\"https:\/\/www.milanobedding.it\/nw\/wp-content\/uploads\/2026\/07\/Milano-Bedding_Kirk-KarimRashid-amb04_low-scaled.jpg\" \/>\n\t<meta property=\"og:image:width\" content=\"2560\" \/>\n\t<meta property=\"og:image:height\" content=\"1810\" \/>\n\t<meta property=\"og:image:type\" content=\"image\/jpeg\" \/>\n<meta name=\"author\" content=\"admin\" \/>\n<meta name=\"twitter:card\" content=\"summary_large_image\" \/>\n<meta name=\"twitter:label1\" content=\"\u00c9crit par\" \/>\n\t<meta name=\"twitter:data1\" content=\"admin\" \/>\n\t<meta name=\"twitter:label2\" content=\"Dur\u00e9e de lecture estim\u00e9e\" \/>\n\t<meta name=\"twitter:data2\" content=\"7 minutes\" \/>\n<script type=\"application\/ld+json\" class=\"yoast-schema-graph\">{\"@context\":\"https:\/\/schema.org\",\"@graph\":[{\"@type\":\"Article\",\"@id\":\"https:\/\/www.milanobedding.it\/fr\/design-fr\/canape-lit-milano-bedding-salon\/#article\",\"isPartOf\":{\"@id\":\"https:\/\/www.milanobedding.it\/fr\/design-fr\/canape-lit-milano-bedding-salon\/\"},\"author\":{\"name\":\"admin\",\"@id\":\"https:\/\/www.milanobedding.it\/fr\/#\/schema\/person\/d51fd7f296e76a5886105dd44336531b\"},\"headline\":\"Le canap\u00e9-lit comme pi\u00e8ce ma\u00eetresse du salon. Les conseils de Milano Bedding sur les proportions, les compositions et les combinaisons.\",\"datePublished\":\"2026-09-01T07:05:04+00:00\",\"dateModified\":\"2026-09-01T07:09:49+00:00\",\"mainEntityOfPage\":{\"@id\":\"https:\/\/www.milanobedding.it\/fr\/design-fr\/canape-lit-milano-bedding-salon\/\"},\"wordCount\":1003,\"commentCount\":0,\"publisher\":{\"@id\":\"https:\/\/www.milanobedding.it\/fr\/#organization\"},\"image\":{\"@id\":\"https:\/\/www.milanobedding.it\/fr\/design-fr\/canape-lit-milano-bedding-salon\/#primaryimage\"},\"thumbnailUrl\":\"https:\/\/www.milanobedding.it\/nw\/wp-content\/uploads\/2026\/07\/Milano-Bedding_Kirk-KarimRashid-amb04_low-scaled.jpg\",\"keywords\":[\"divani letto\",\"Divano letto\",\"Milano Bedding\",\"canap\u00e9\",\"canap\u00e9 convertible\",\"made in italy\",\"living\",\"divani trasformabili\",\"canap\u00e9 lit\",\"canap\u00e9-lit\",\"sofa-lit\",\"couchage transversal\",\"canap\u00e9s convertibles modulables\"],\"articleSection\":[\"Design\"],\"inLanguage\":\"fr-FR\",\"potentialAction\":[{\"@type\":\"CommentAction\",\"name\":\"Comment\",\"target\":[\"https:\/\/www.milanobedding.it\/fr\/design-fr\/canape-lit-milano-bedding-salon\/#respond\"]}]},{\"@type\":\"WebPage\",\"@id\":\"https:\/\/www.milanobedding.it\/fr\/design-fr\/canape-lit-milano-bedding-salon\/\",\"url\":\"https:\/\/www.milanobedding.it\/fr\/design-fr\/canape-lit-milano-bedding-salon\/\",\"name\":\"Le canap\u00e9-lit de Milano Bedding comme pi\u00e8ce ma\u00eetresse du salon.\",\"isPartOf\":{\"@id\":\"https:\/\/www.milanobedding.it\/fr\/#website\"},\"primaryImageOfPage\":{\"@id\":\"https:\/\/www.milanobedding.it\/fr\/design-fr\/canape-lit-milano-bedding-salon\/#primaryimage\"},\"image\":{\"@id\":\"https:\/\/www.milanobedding.it\/fr\/design-fr\/canape-lit-milano-bedding-salon\/#primaryimage\"},\"thumbnailUrl\":\"https:\/\/www.milanobedding.it\/nw\/wp-content\/uploads\/2026\/07\/Milano-Bedding_Kirk-KarimRashid-amb04_low-scaled.jpg\",\"datePublished\":\"2026-09-01T07:05:04+00:00\",\"dateModified\":\"2026-09-01T07:09:49+00:00\",\"description\":\"Le canap\u00e9-lit comme pi\u00e8ce ma\u00eetresse du salon. Les conseils de Milano Bedding sur les proportions, les compositions et les combinaisons.\",\"breadcrumb\":{\"@id\":\"https:\/\/www.milanobedding.it\/fr\/design-fr\/canape-lit-milano-bedding-salon\/#breadcrumb\"},\"inLanguage\":\"fr-FR\",\"potentialAction\":[{\"@type\":\"ReadAction\",\"target\":[\"https:\/\/www.milanobedding.it\/fr\/design-fr\/canape-lit-milano-bedding-salon\/\"]}]},{\"@type\":\"ImageObject\",\"inLanguage\":\"fr-FR\",\"@id\":\"https:\/\/www.milanobedding.it\/fr\/design-fr\/canape-lit-milano-bedding-salon\/#primaryimage\",\"url\":\"https:\/\/www.milanobedding.it\/nw\/wp-content\/uploads\/2026\/07\/Milano-Bedding_Kirk-KarimRashid-amb04_low-scaled.jpg\",\"contentUrl\":\"https:\/\/www.milanobedding.it\/nw\/wp-content\/uploads\/2026\/07\/Milano-Bedding_Kirk-KarimRashid-amb04_low-scaled.jpg\",\"width\":2560,\"height\":1810},{\"@type\":\"BreadcrumbList\",\"@id\":\"https:\/\/www.milanobedding.it\/fr\/design-fr\/canape-lit-milano-bedding-salon\/#breadcrumb\",\"itemListElement\":[{\"@type\":\"ListItem\",\"position\":1,\"name\":\"Home\",\"item\":\"https:\/\/www.milanobedding.it\/fr\/\"},{\"@type\":\"ListItem\",\"position\":2,\"name\":\"Le canap\u00e9-lit comme pi\u00e8ce ma\u00eetresse du salon. Les conseils de Milano Bedding sur les proportions, les compositions et les combinaisons.\"}]},{\"@type\":\"WebSite\",\"@id\":\"https:\/\/www.milanobedding.it\/fr\/#website\",\"url\":\"https:\/\/www.milanobedding.it\/fr\/\",\"name\":\"Milano Bedding\",\"description\":\"100% Italian Quality\",\"publisher\":{\"@id\":\"https:\/\/www.milanobedding.it\/fr\/#organization\"},\"potentialAction\":[{\"@type\":\"SearchAction\",\"target\":{\"@type\":\"EntryPoint\",\"urlTemplate\":\"https:\/\/www.milanobedding.it\/fr\/?s={search_term_string}\"},\"query-input\":{\"@type\":\"PropertyValueSpecification\",\"valueRequired\":true,\"valueName\":\"search_term_string\"}}],\"inLanguage\":\"fr-FR\"},{\"@type\":\"Organization\",\"@id\":\"https:\/\/www.milanobedding.it\/fr\/#organization\",\"name\":\"Milanobedding\",\"url\":\"https:\/\/www.milanobedding.it\/fr\/\",\"logo\":{\"@type\":\"ImageObject\",\"inLanguage\":\"fr-FR\",\"@id\":\"https:\/\/www.milanobedding.it\/fr\/#\/schema\/logo\/image\/\",\"url\":\"https:\/\/www.milanobedding.it\/nw\/wp-content\/uploads\/2022\/03\/logo-milanobedding.png\",\"contentUrl\":\"https:\/\/www.milanobedding.it\/nw\/wp-content\/uploads\/2022\/03\/logo-milanobedding.png\",\"width\":327,\"height\":108,\"caption\":\"Milanobedding\"},\"image\":{\"@id\":\"https:\/\/www.milanobedding.it\/fr\/#\/schema\/logo\/image\/\"},\"sameAs\":[\"https:\/\/www.facebook.com\/milanobeddingitaly\"]},{\"@type\":\"Person\",\"@id\":\"https:\/\/www.milanobedding.it\/fr\/#\/schema\/person\/d51fd7f296e76a5886105dd44336531b\",\"name\":\"admin\",\"image\":{\"@type\":\"ImageObject\",\"inLanguage\":\"fr-FR\",\"@id\":\"https:\/\/www.milanobedding.it\/fr\/#\/schema\/person\/image\/\",\"url\":\"https:\/\/secure.gravatar.com\/avatar\/abf69dfa54a0b8bccee1ce0a34a43d8c8b2e102040c04e18cf86a354c8928625?s=96&d=mm&r=g\",\"contentUrl\":\"https:\/\/secure.gravatar.com\/avatar\/abf69dfa54a0b8bccee1ce0a34a43d8c8b2e102040c04e18cf86a354c8928625?s=96&d=mm&r=g\",\"caption\":\"admin\"},\"sameAs\":[\"https:\/\/www.milanobedding.it\/nw\"]}]}<\/script>\n<!-- \/ Yoast SEO plugin. -->","yoast_head_json":{"title":"Le canap\u00e9-lit de Milano Bedding comme pi\u00e8ce ma\u00eetresse du salon.","description":"Le canap\u00e9-lit comme pi\u00e8ce ma\u00eetresse du salon. Les conseils de Milano Bedding sur les proportions, les compositions et les combinaisons.","robots":{"index":"index","follow":"follow","max-snippet":"max-snippet:-1","max-image-preview":"max-image-preview:large","max-video-preview":"max-video-preview:-1"},"canonical":"https:\/\/www.milanobedding.it\/fr\/design-fr\/canape-lit-milano-bedding-salon\/","og_locale":"fr_FR","og_type":"article","og_title":"Le canap\u00e9-lit de Milano Bedding comme pi\u00e8ce ma\u00eetresse du salon.","og_description":"Le canap\u00e9-lit comme pi\u00e8ce ma\u00eetresse du salon. Les conseils de Milano Bedding sur les proportions, les compositions et les combinaisons.","og_url":"https:\/\/www.milanobedding.it\/fr\/design-fr\/canape-lit-milano-bedding-salon\/","og_site_name":"Milano Bedding","article_publisher":"https:\/\/www.facebook.com\/milanobeddingitaly","article_published_time":"2026-09-01T07:05:04+00:00","article_modified_time":"2026-09-01T07:09:49+00:00","og_image":[{"width":2560,"height":1810,"url":"https:\/\/www.milanobedding.it\/nw\/wp-content\/uploads\/2026\/07\/Milano-Bedding_Kirk-KarimRashid-amb04_low-scaled.jpg","type":"image\/jpeg"}],"author":"admin","twitter_card":"summary_large_image","twitter_misc":{"\u00c9crit par":"admin","Dur\u00e9e de lecture estim\u00e9e":"7 minutes"},"schema":{"@context":"https:\/\/schema.org","@graph":[{"@type":"Article","@id":"https:\/\/www.milanobedding.it\/fr\/design-fr\/canape-lit-milano-bedding-salon\/#article","isPartOf":{"@id":"https:\/\/www.milanobedding.it\/fr\/design-fr\/canape-lit-milano-bedding-salon\/"},"author":{"name":"admin","@id":"https:\/\/www.milanobedding.it\/fr\/#\/schema\/person\/d51fd7f296e76a5886105dd44336531b"},"headline":"Le canap\u00e9-lit comme pi\u00e8ce ma\u00eetresse du salon. Les conseils de Milano Bedding sur les proportions, les compositions et les combinaisons.","datePublished":"2026-09-01T07:05:04+00:00","dateModified":"2026-09-01T07:09:49+00:00","mainEntityOfPage":{"@id":"https:\/\/www.milanobedding.it\/fr\/design-fr\/canape-lit-milano-bedding-salon\/"},"wordCount":1003,"commentCount":0,"publisher":{"@id":"https:\/\/www.milanobedding.it\/fr\/#organization"},"image":{"@id":"https:\/\/www.milanobedding.it\/fr\/design-fr\/canape-lit-milano-bedding-salon\/#primaryimage"},"thumbnailUrl":"https:\/\/www.milanobedding.it\/nw\/wp-content\/uploads\/2026\/07\/Milano-Bedding_Kirk-KarimRashid-amb04_low-scaled.jpg","keywords":["divani letto","Divano letto","Milano Bedding","canap\u00e9","canap\u00e9 convertible","made in italy","living","divani trasformabili","canap\u00e9 lit","canap\u00e9-lit","sofa-lit","couchage transversal","canap\u00e9s convertibles modulables"],"articleSection":["Design"],"inLanguage":"fr-FR","potentialAction":[{"@type":"CommentAction","name":"Comment","target":["https:\/\/www.milanobedding.it\/fr\/design-fr\/canape-lit-milano-bedding-salon\/#respond"]}]},{"@type":"WebPage","@id":"https:\/\/www.milanobedding.it\/fr\/design-fr\/canape-lit-milano-bedding-salon\/","url":"https:\/\/www.milanobedding.it\/fr\/design-fr\/canape-lit-milano-bedding-salon\/","name":"Le canap\u00e9-lit de Milano Bedding comme pi\u00e8ce ma\u00eetresse du salon.","isPartOf":{"@id":"https:\/\/www.milanobedding.it\/fr\/#website"},"primaryImageOfPage":{"@id":"https:\/\/www.milanobedding.it\/fr\/design-fr\/canape-lit-milano-bedding-salon\/#primaryimage"},"image":{"@id":"https:\/\/www.milanobedding.it\/fr\/design-fr\/canape-lit-milano-bedding-salon\/#primaryimage"},"thumbnailUrl":"https:\/\/www.milanobedding.it\/nw\/wp-content\/uploads\/2026\/07\/Milano-Bedding_Kirk-KarimRashid-amb04_low-scaled.jpg","datePublished":"2026-09-01T07:05:04+00:00","dateModified":"2026-09-01T07:09:49+00:00","description":"Le canap\u00e9-lit comme pi\u00e8ce ma\u00eetresse du salon. Les conseils de Milano Bedding sur les proportions, les compositions et les combinaisons.","breadcrumb":{"@id":"https:\/\/www.milanobedding.it\/fr\/design-fr\/canape-lit-milano-bedding-salon\/#breadcrumb"},"inLanguage":"fr-FR","potentialAction":[{"@type":"ReadAction","target":["https:\/\/www.milanobedding.it\/fr\/design-fr\/canape-lit-milano-bedding-salon\/"]}]},{"@type":"ImageObject","inLanguage":"fr-FR","@id":"https:\/\/www.milanobedding.it\/fr\/design-fr\/canape-lit-milano-bedding-salon\/#primaryimage","url":"https:\/\/www.milanobedding.it\/nw\/wp-content\/uploads\/2026\/07\/Milano-Bedding_Kirk-KarimRashid-amb04_low-scaled.jpg","contentUrl":"https:\/\/www.milanobedding.it\/nw\/wp-content\/uploads\/2026\/07\/Milano-Bedding_Kirk-KarimRashid-amb04_low-scaled.jpg","width":2560,"height":1810},{"@type":"BreadcrumbList","@id":"https:\/\/www.milanobedding.it\/fr\/design-fr\/canape-lit-milano-bedding-salon\/#breadcrumb","itemListElement":[{"@type":"ListItem","position":1,"name":"Home","item":"https:\/\/www.milanobedding.it\/fr\/"},{"@type":"ListItem","position":2,"name":"Le canap\u00e9-lit comme pi\u00e8ce ma\u00eetresse du salon. Les conseils de Milano Bedding sur les proportions, les compositions et les combinaisons."}]},{"@type":"WebSite","@id":"https:\/\/www.milanobedding.it\/fr\/#website","url":"https:\/\/www.milanobedding.it\/fr\/","name":"Milano Bedding","description":"100% Italian Quality","publisher":{"@id":"https:\/\/www.milanobedding.it\/fr\/#organization"},"potentialAction":[{"@type":"SearchAction","target":{"@type":"EntryPoint","urlTemplate":"https:\/\/www.milanobedding.it\/fr\/?s={search_term_string}"},"query-input":{"@type":"PropertyValueSpecification","valueRequired":true,"valueName":"search_term_string"}}],"inLanguage":"fr-FR"},{"@type":"Organization","@id":"https:\/\/www.milanobedding.it\/fr\/#organization","name":"Milanobedding","url":"https:\/\/www.milanobedding.it\/fr\/","logo":{"@type":"ImageObject","inLanguage":"fr-FR","@id":"https:\/\/www.milanobedding.it\/fr\/#\/schema\/logo\/image\/","url":"https:\/\/www.milanobedding.it\/nw\/wp-content\/uploads\/2022\/03\/logo-milanobedding.png","contentUrl":"https:\/\/www.milanobedding.it\/nw\/wp-content\/uploads\/2022\/03\/logo-milanobedding.png","width":327,"height":108,"caption":"Milanobedding"},"image":{"@id":"https:\/\/www.milanobedding.it\/fr\/#\/schema\/logo\/image\/"},"sameAs":["https:\/\/www.facebook.com\/milanobeddingitaly"]},{"@type":"Person","@id":"https:\/\/www.milanobedding.it\/fr\/#\/schema\/person\/d51fd7f296e76a5886105dd44336531b","name":"admin","image":{"@type":"ImageObject","inLanguage":"fr-FR","@id":"https:\/\/www.milanobedding.it\/fr\/#\/schema\/person\/image\/","url":"https:\/\/secure.gravatar.com\/avatar\/abf69dfa54a0b8bccee1ce0a34a43d8c8b2e102040c04e18cf86a354c8928625?s=96&d=mm&r=g","contentUrl":"https:\/\/secure.gravatar.com\/avatar\/abf69dfa54a0b8bccee1ce0a34a43d8c8b2e102040c04e18cf86a354c8928625?s=96&d=mm&r=g","caption":"admin"},"sameAs":["https:\/\/www.milanobedding.it\/nw"]}]}},"_links":{"self":[{"href":"https:\/\/www.milanobedding.it\/fr\/wp-json\/wp\/v2\/posts\/64713","targetHints":{"allow":["GET"]}}],"collection":[{"href":"https:\/\/www.milanobedding.it\/fr\/wp-json\/wp\/v2\/posts"}],"about":[{"href":"https:\/\/www.milanobedding.it\/fr\/wp-json\/wp\/v2\/types\/post"}],"author":[{"embeddable":true,"href":"https:\/\/www.milanobedding.it\/fr\/wp-json\/wp\/v2\/users\/1"}],"replies":[{"embeddable":true,"href":"https:\/\/www.milanobedding.it\/fr\/wp-json\/wp\/v2\/comments?post=64713"}],"version-history":[{"count":27,"href":"https:\/\/www.milanobedding.it\/fr\/wp-json\/wp\/v2\/posts\/64713\/revisions"}],"predecessor-version":[{"id":65214,"href":"https:\/\/www.milanobedding.it\/fr\/wp-json\/wp\/v2\/posts\/64713\/revisions\/65214"}],"wp:featuredmedia":[{"embeddable":true,"href":"https:\/\/www.milanobedding.it\/fr\/wp-json\/wp\/v2\/media\/64670"}],"wp:attachment":[{"href":"https:\/\/www.milanobedding.it\/fr\/wp-json\/wp\/v2\/media?parent=64713"}],"wp:term":[{"taxonomy":"category","embeddable":true,"href":"https:\/\/www.milanobedding.it\/fr\/wp-json\/wp\/v2\/categories?post=64713"},{"taxonomy":"post_tag","embeddable":true,"href":"https:\/\/www.milanobedding.it\/fr\/wp-json\/wp\/v2\/tags?post=64713"}],"curies":[{"name":"wp","href":"https:\/\/api.w.org\/{rel}","templated":true}]}}